{"id":400,"date":"2025-03-25T08:12:54","date_gmt":"2025-03-25T08:12:54","guid":{"rendered":"https:\/\/www.mueblesrey.com\/magazine\/?p=400"},"modified":"2025-06-13T08:58:13","modified_gmt":"2025-06-13T08:58:13","slug":"perspectivas-dialogos-sobre-los-espacios-que-vivimos","status":"publish","type":"post","link":"https:\/\/www.mueblesrey.com\/magazine\/perspectivas-dialogos-sobre-los-espacios-que-vivimos\/","title":{"rendered":"Perspectivas: di\u00e1logos sobre los espacios que vivimos"},"content":{"rendered":"\n<p>En un mundo marcado por la globalizaci\u00f3n en el que la singularidad se diluye, emerge una necesidad urgente:&nbsp;<strong>recuperar lo aut\u00e9ntico<\/strong>.<\/p>\n\n\n\n<p>En Rey, asumimos el reto de ayudar a crear<strong>&nbsp;hogares \u00fanicos<\/strong>. Lo hacemos desde nuestra experiencia, pero tambi\u00e9n siendo conscientes de que los espacios no s\u00f3lo se construyen con objetos, sino con <strong>ideas, sensibilidad y visi\u00f3n.<\/strong><\/p>\n\n\n\n<p>Por todo ello decidimos crear <strong><em>Perspectivas<\/em><\/strong>, un lugar acogedor e inspiracional donde podr\u00e1s descubrir una nueva mirada a los espacios que habitamos.<\/p>\n\n\n\n<div style=\"height:30px\" aria-hidden=\"true\" class=\"wp-block-spacer\"><\/div>\n\n\n\n<figure class=\"wp-block-embed is-type-video is-provider-youtube wp-block-embed-youtube wp-embed-aspect-16-9 wp-has-aspect-ratio\"><div class=\"wp-block-embed__wrapper\">\n<iframe title=\"Tr\u00e1iler | Podcast PERSPECTIVAS\" width=\"960\" height=\"540\" src=\"https:\/\/www.youtube.com\/embed\/rHpAE7U9OEs?feature=oembed\" frameborder=\"0\" allow=\"accelerometer; autoplay; clipboard-write; encrypted-media; gyroscope; picture-in-picture; web-share\" referrerpolicy=\"strict-origin-when-cross-origin\" allowfullscreen><\/iframe>\n<\/div><\/figure>\n\n\n\n<div style=\"height:25px\" aria-hidden=\"true\" class=\"wp-block-spacer\"><\/div>\n\n\n\n<h2 class=\"wp-block-heading\">Nos sentamos a conversar con quienes entienden los espacios como algo vivo.<\/h2>\n\n\n\n<p><strong><em>Perspectivas<\/em><\/strong> es un espacio en el que se re\u00fanen voces capaces de <strong>inspirar,<\/strong> de <strong>marcar estilo<\/strong> y de mostrarnos c\u00f3mo <strong>transformar cualquier rinc\u00f3n en algo m\u00e1s que un lugar<\/strong>. <strong>Interioristas, decoradores, expertos en bienestar<\/strong>\u2026personas que entienden los espacios como algo vivo.<\/p>\n\n\n\n<p>Porque un espacio no es s\u00f3lo un lugar, es una extensi\u00f3n de quienes somos, un reflejo de nuestras vivencias y aspiraciones. En&nbsp;<strong><em>Perspectivas<\/em><\/strong>&nbsp;cada conversaci\u00f3n es una <strong>ventana abierta <\/strong>a nuevas formas de <strong>habitar, sentir y disfrutar<\/strong> los espacios que llamamos nuestros.<\/p>\n\n\n\n<div style=\"height:25px\" aria-hidden=\"true\" class=\"wp-block-spacer\"><\/div>\n\n\n\n<h2 class=\"wp-block-heading\">Una ventana abierta a tu hogar<\/h2>\n\n\n\n<p>Para llevar a cabo este proyecto, hemos grabado<strong> 4 episodios de video podcast<\/strong> entrevistando a distintas personalidades del mundo del interiorismo y la decoraci\u00f3n, aportando su visi\u00f3n a cerca de las \u00faltimas tendencias en dise\u00f1o, materiales y estilos.<\/p>\n\n\n\n<p><em>Haz clic en las fechas<\/em> y no te pierdas <strong>las entrevistas completas de nuestras invitadas en nuestro video podcast <\/strong>disponible en las plataformas de <strong><a href=\"https:\/\/www.youtube.com\/@mueblesrey8956\/search\">YouTube<\/a> y <a href=\"https:\/\/open.spotify.com\/user\/31ruv4zdjzv5i5lxngwbohu2qc7e\">Spotify<\/a><\/strong><\/p>\n\n\n\n<div style=\"height:15px\" aria-hidden=\"true\" class=\"wp-block-spacer\"><\/div>\n\n\n\n<div class=\"wp-block-columns is-layout-flex wp-container-core-columns-is-layout-9d6595d7 wp-block-columns-is-layout-flex\">\n<div class=\"wp-block-column is-layout-flow wp-block-column-is-layout-flow\">\n<h3 class=\"wp-block-heading\"><strong>Ruth Barranco<\/strong> <\/h3>\n\n\n\n<p><strong>Arquitecta de la percepci\u00f3n<\/strong>, una mente brillante que une arte, ciencia y dise\u00f1o para dar vida a entornos que impactan.<\/p>\n\n\n\n<p>Es doctora en Historia del Arte, experta en direcci\u00f3n art\u00edstica cinematogr\u00e1fica y Neuroarquitectura, y su trabajo va mucho m\u00e1s all\u00e1 de la est\u00e9tica:<strong> investiga c\u00f3mo los espacios nos afectan a nivel mental y sensorial.<\/strong><\/p>\n\n\n\n<div style=\"height:30px\" aria-hidden=\"true\" class=\"wp-block-spacer\"><\/div>\n\n\n\n<figure class=\"wp-block-embed is-type-video is-provider-youtube wp-block-embed-youtube wp-embed-aspect-16-9 wp-has-aspect-ratio\"><div class=\"wp-block-embed__wrapper\">\n<iframe title=\"PERSPECTIVAS Con Ruth Barranco | EP. 01\" width=\"960\" height=\"540\" src=\"https:\/\/www.youtube.com\/embed\/bm0O8SNihso?feature=oembed\" frameborder=\"0\" allow=\"accelerometer; autoplay; clipboard-write; encrypted-media; gyroscope; picture-in-picture; web-share\" referrerpolicy=\"strict-origin-when-cross-origin\" allowfullscreen><\/iframe>\n<\/div><\/figure>\n\n\n\n<div style=\"height:30px\" aria-hidden=\"true\" class=\"wp-block-spacer\"><\/div>\n\n\n\n<div class=\"wp-block-buttons is-content-justification-left is-layout-flex wp-container-core-buttons-is-layout-fdcfc74e wp-block-buttons-is-layout-flex\">\n<div class=\"wp-block-button is-style-outline is-style-outline--1\"><a class=\"wp-block-button__link has-white-color has-text-color has-background has-link-color has-small-font-size has-custom-font-size wp-element-button\" style=\"background-color:#787d63\">Video Podcast ya disponible <\/a><\/div>\n<\/div>\n<\/div>\n<\/div>\n\n\n\n<div class=\"wp-block-columns is-layout-flex wp-container-core-columns-is-layout-9d6595d7 wp-block-columns-is-layout-flex\">\n<div class=\"wp-block-column is-layout-flow wp-block-column-is-layout-flow\">\n<h3 class=\"wp-block-heading\"><strong>Patricia Lizalde<\/strong><\/h3>\n\n\n\n<div class=\"wp-block-columns is-layout-flex wp-container-core-columns-is-layout-9d6595d7 wp-block-columns-is-layout-flex\">\n<div class=\"wp-block-column is-layout-flow wp-block-column-is-layout-flow\">\n<p><strong>Ingeniera industrial especializada en instalaciones y construcci\u00f3n de edificios<\/strong>, lo que la llev\u00f3 durante a\u00f1os a dirigir proyectos y obras en el sector industrial y comercial.<\/p>\n\n\n\n<p>Esta trayectoria le aport\u00f3 experiencia y habilidades t\u00e9cnicas, tanto en dise\u00f1o como en<strong> gesti\u00f3n y direcci\u00f3n de obra.<\/strong><\/p>\n\n\n\n<p><strong> La creatividad m\u00e1s sensible, la curiosidad y la capacidad innata <\/strong>para hacer bello lo pr\u00e1ctico, hicieron que su talento se centrara en convertir espacios en hogares, hechos <strong>completamente a medida.<\/strong><\/p>\n\n\n\n<div style=\"height:30px\" aria-hidden=\"true\" class=\"wp-block-spacer\"><\/div>\n<\/div>\n<\/div>\n\n\n\n<figure class=\"wp-block-embed is-type-video is-provider-youtube wp-block-embed-youtube wp-embed-aspect-16-9 wp-has-aspect-ratio\"><div class=\"wp-block-embed__wrapper\">\n<iframe title=\"PERSPECTIVAS Con Patricia Lizalde | EP. 02\" width=\"960\" height=\"540\" src=\"https:\/\/www.youtube.com\/embed\/RxQlaZB0a6A?feature=oembed\" frameborder=\"0\" allow=\"accelerometer; autoplay; clipboard-write; encrypted-media; gyroscope; picture-in-picture; web-share\" referrerpolicy=\"strict-origin-when-cross-origin\" allowfullscreen><\/iframe>\n<\/div><\/figure>\n\n\n\n<div style=\"height:33px\" aria-hidden=\"true\" class=\"wp-block-spacer\"><\/div>\n\n\n\n<div class=\"wp-block-buttons is-layout-flex wp-block-buttons-is-layout-flex\">\n<div class=\"wp-block-button is-style-outline is-style-outline--2\"><a class=\"wp-block-button__link has-white-color has-text-color has-background has-link-color has-small-font-size has-custom-font-size wp-element-button\" href=\"https:\/\/youtu.be\/RxQlaZB0a6A?feature=shared\" style=\"background-color:#787d63\">Video Podcast ya disponible<\/a><\/div>\n<\/div>\n<\/div>\n<\/div>\n\n\n\n<div class=\"wp-block-columns is-layout-flex wp-container-core-columns-is-layout-9d6595d7 wp-block-columns-is-layout-flex\">\n<div class=\"wp-block-column is-layout-flow wp-block-column-is-layout-flow\">\n<h3 class=\"wp-block-heading\"><strong>Rosa Tercero<\/strong><\/h3>\n\n\n\n<p><\/p>\n\n\n\n<div class=\"wp-block-columns is-layout-flex wp-container-core-columns-is-layout-9d6595d7 wp-block-columns-is-layout-flex\">\n<div class=\"wp-block-column is-layout-flow wp-block-column-is-layout-flow\">\n<p><strong>Interiorista con m\u00e1s de 25 a\u00f1os de experiencia<\/strong>, nos habla sobre su trayectoria, su visi\u00f3n del dise\u00f1o y la evoluci\u00f3n del interiorismo en la actualidad.<\/p>\n\n\n\n<p>Desde su Estudio Calibre lidera proyectos, apostando por la <strong>personalizaci\u00f3n y transformaci\u00f3n de los espacios.<\/strong><\/p>\n\n\n\n<p>Compartimos con Rosa en esta entrevista su trayectoria profesional, de tienda de decoraci\u00f3n a estudio de interiorismo, <strong>donde el dise\u00f1o va m\u00e1s all\u00e1 del objeto y se convierte en una experiencia.<\/strong><\/p>\n\n\n\n<div style=\"height:31px\" aria-hidden=\"true\" class=\"wp-block-spacer\"><\/div>\n\n\n\n<figure class=\"wp-block-embed is-type-video is-provider-youtube wp-block-embed-youtube wp-embed-aspect-16-9 wp-has-aspect-ratio\"><div class=\"wp-block-embed__wrapper\">\n<iframe title=\"PERSPECTIVAS Con Rosa Tercero | EP. 03\" width=\"960\" height=\"540\" src=\"https:\/\/www.youtube.com\/embed\/qowbWbtjd14?feature=oembed\" frameborder=\"0\" allow=\"accelerometer; autoplay; clipboard-write; encrypted-media; gyroscope; picture-in-picture; web-share\" referrerpolicy=\"strict-origin-when-cross-origin\" allowfullscreen><\/iframe>\n<\/div><\/figure>\n<\/div>\n<\/div>\n\n\n\n<div class=\"wp-block-buttons is-layout-flex wp-block-buttons-is-layout-flex\">\n<div class=\"wp-block-button is-style-outline is-style-outline--3\"><a class=\"wp-block-button__link has-white-color has-text-color has-background has-link-color has-small-font-size has-custom-font-size wp-element-button\" style=\"background-color:#787d63\">Video Podcast ya disponible<\/a><\/div>\n<\/div>\n<\/div>\n<\/div>\n\n\n\n<div style=\"height:33px\" aria-hidden=\"true\" class=\"wp-block-spacer\"><\/div>\n\n\n\n<div class=\"wp-block-columns is-layout-flex wp-container-core-columns-is-layout-9d6595d7 wp-block-columns-is-layout-flex\">\n<div class=\"wp-block-column is-layout-flow wp-block-column-is-layout-flow\">\n<h3 class=\"wp-block-heading\"><strong>Elisa L\u00f3pez<\/strong> <\/h3>\n\n\n\n<p><\/p>\n\n\n\n<div class=\"wp-block-columns is-layout-flex wp-container-core-columns-is-layout-9d6595d7 wp-block-columns-is-layout-flex\">\n<div class=\"wp-block-column is-layout-flow wp-block-column-is-layout-flow\">\n<figure class=\"wp-block-image size-full\"><a href=\"https:\/\/youtu.be\/rHpAE7U9OEs?si=QB95hVr9J0WR5_ym\"><img fetchpriority=\"high\" decoding=\"async\" width=\"800\" height=\"534\" src=\"https:\/\/www.mueblesrey.com\/magazine\/wp-content\/uploads\/2025\/03\/plantilla-rey-4-13.jpg\" alt=\"\" class=\"wp-image-803\" srcset=\"https:\/\/www.mueblesrey.com\/magazine\/wp-content\/uploads\/2025\/03\/plantilla-rey-4-13.jpg 800w, https:\/\/www.mueblesrey.com\/magazine\/wp-content\/uploads\/2025\/03\/plantilla-rey-4-13-300x200.jpg 300w, https:\/\/www.mueblesrey.com\/magazine\/wp-content\/uploads\/2025\/03\/plantilla-rey-4-13-768x513.jpg 768w\" sizes=\"(max-width: 800px) 100vw, 800px\" \/><\/a><\/figure>\n<\/div>\n\n\n\n<div class=\"wp-block-column is-layout-flow wp-block-column-is-layout-flow\">\n<p><strong>Dise\u00f1adora de interiores y propietaria de Noveno Ce Interiorismo<\/strong>. Desde su infancia, mostr\u00f3 un marcado inter\u00e9s por la est\u00e9tica, la decoraci\u00f3n y el dise\u00f1o, lo que la llev\u00f3 a estudiar Proyectos y Direcci\u00f3n de Obras de Decoraci\u00f3n.<\/p>\n\n\n\n<p>Su enfoque se centra <strong>en crear espacios que combinan funcionalidad y est\u00e9tica<\/strong>, logrando entornos que transmiten serenidad, luminosidad y amplitud.<\/p>\n<\/div>\n<\/div>\n\n\n\n<div class=\"wp-block-buttons is-layout-flex wp-block-buttons-is-layout-flex\">\n<div class=\"wp-block-button is-style-outline is-style-outline--4\"><a class=\"wp-block-button__link has-black-color has-white-background-color has-text-color has-background has-link-color has-small-font-size has-custom-font-size wp-element-button\">Estreno Video Podcast 03\/07\/2025<\/a><\/div>\n<\/div>\n<\/div>\n<\/div>\n\n\n\n<div style=\"height:33px\" aria-hidden=\"true\" class=\"wp-block-spacer\"><\/div>\n\n\n\n<p><\/p>\n\n\n\n<div class=\"wp-block-columns is-layout-flex wp-container-core-columns-is-layout-9d6595d7 wp-block-columns-is-layout-flex\">\n<div class=\"wp-block-column is-layout-flow wp-block-column-is-layout-flow\" style=\"flex-basis:25%\">\n<figure class=\"wp-block-image size-full wp-duotone-grayscale\"><img decoding=\"async\" width=\"500\" height=\"333\" src=\"https:\/\/www.mueblesrey.com\/magazine\/wp-content\/uploads\/2025\/03\/Perspectivas-3-26-5.jpg\" alt=\"\" class=\"wp-image-477\" srcset=\"https:\/\/www.mueblesrey.com\/magazine\/wp-content\/uploads\/2025\/03\/Perspectivas-3-26-5.jpg 500w, https:\/\/www.mueblesrey.com\/magazine\/wp-content\/uploads\/2025\/03\/Perspectivas-3-26-5-300x200.jpg 300w\" sizes=\"(max-width: 500px) 100vw, 500px\" \/><\/figure>\n\n\n\n<p class=\"has-text-align-center has-black-color has-text-color has-link-color wp-elements-dd4ea1c556302c6c24d8249c216a7c40\">Ruth Barranco<\/p>\n\n\n\n<div class=\"wp-block-buttons is-content-justification-center is-layout-flex wp-container-core-buttons-is-layout-16018d1d wp-block-buttons-is-layout-flex\">\n<div class=\"wp-block-button\"><a class=\"wp-block-button__link has-white-color has-text-color has-background has-link-color has-small-font-size has-custom-font-size wp-element-button\" href=\"https:\/\/www.instagram.com\/ruthbarrancointeriorismo\/\" style=\"background-color:#787d63\">@Ruth.barranco<\/a><\/div>\n<\/div>\n<\/div>\n\n\n\n<div class=\"wp-block-column is-layout-flow wp-block-column-is-layout-flow\" style=\"flex-basis:25%\">\n<figure class=\"wp-block-image size-full wp-duotone-grayscale\"><img decoding=\"async\" width=\"500\" height=\"333\" src=\"https:\/\/www.mueblesrey.com\/magazine\/wp-content\/uploads\/2025\/03\/Perspectivas-3-13-2.jpg\" alt=\"\" class=\"wp-image-476\" srcset=\"https:\/\/www.mueblesrey.com\/magazine\/wp-content\/uploads\/2025\/03\/Perspectivas-3-13-2.jpg 500w, https:\/\/www.mueblesrey.com\/magazine\/wp-content\/uploads\/2025\/03\/Perspectivas-3-13-2-300x200.jpg 300w\" sizes=\"(max-width: 500px) 100vw, 500px\" \/><\/figure>\n\n\n\n<p class=\"has-text-align-center has-black-color has-text-color has-link-color wp-elements-3c2020eba1a74fb7d59145edaf3ed9dd\">Patricia Lizalde<\/p>\n\n\n\n<div class=\"wp-block-buttons is-content-justification-center is-layout-flex wp-container-core-buttons-is-layout-16018d1d wp-block-buttons-is-layout-flex\">\n<div class=\"wp-block-button\"><a class=\"wp-block-button__link has-white-color has-text-color has-background has-link-color has-small-font-size has-custom-font-size wp-element-button\" href=\"https:\/\/www.instagram.com\/estudiopatricializalde\/\" style=\"background-color:#787d63\">@Estudiopatricializalde<\/a><\/div>\n<\/div>\n<\/div>\n\n\n\n<div class=\"wp-block-column is-layout-flow wp-block-column-is-layout-flow\" style=\"flex-basis:25%\">\n<figure class=\"wp-block-image size-full wp-duotone-grayscale\"><img loading=\"lazy\" decoding=\"async\" width=\"500\" height=\"333\" src=\"https:\/\/www.mueblesrey.com\/magazine\/wp-content\/uploads\/2025\/03\/Perspectivas-3-4-2.jpg\" alt=\"\" class=\"wp-image-480\" srcset=\"https:\/\/www.mueblesrey.com\/magazine\/wp-content\/uploads\/2025\/03\/Perspectivas-3-4-2.jpg 500w, https:\/\/www.mueblesrey.com\/magazine\/wp-content\/uploads\/2025\/03\/Perspectivas-3-4-2-300x200.jpg 300w\" sizes=\"(max-width: 500px) 100vw, 500px\" \/><\/figure>\n\n\n\n<p class=\"has-text-align-center has-black-color has-text-color has-link-color wp-elements-b96b851e7f0292bde66ab8e93045d571\">Rosa Tercero<\/p>\n\n\n\n<div class=\"wp-block-buttons is-content-justification-center is-layout-flex wp-container-core-buttons-is-layout-16018d1d wp-block-buttons-is-layout-flex\">\n<div class=\"wp-block-button\"><a class=\"wp-block-button__link has-white-color has-text-color has-background has-link-color has-small-font-size has-custom-font-size wp-element-button\" href=\"https:\/\/www.instagram.com\/estudiocalibre\/\" style=\"background-color:#787d63\">@Estudiocalibre<\/a><\/div>\n<\/div>\n<\/div>\n\n\n\n<div class=\"wp-block-column is-layout-flow wp-block-column-is-layout-flow\" style=\"flex-basis:25%\">\n<figure class=\"wp-block-image size-full wp-duotone-grayscale\"><img loading=\"lazy\" decoding=\"async\" width=\"450\" height=\"300\" src=\"https:\/\/www.mueblesrey.com\/magazine\/wp-content\/uploads\/2025\/03\/Perspectivas-3-5-2.jpg\" alt=\"\" class=\"wp-image-481\" srcset=\"https:\/\/www.mueblesrey.com\/magazine\/wp-content\/uploads\/2025\/03\/Perspectivas-3-5-2.jpg 450w, https:\/\/www.mueblesrey.com\/magazine\/wp-content\/uploads\/2025\/03\/Perspectivas-3-5-2-300x200.jpg 300w\" sizes=\"(max-width: 450px) 100vw, 450px\" \/><\/figure>\n\n\n\n<p class=\"has-text-align-center has-black-color has-text-color has-link-color wp-elements-4c130964813a8af3c2a727ea3621b59a\">Elisa L\u00f3pez <\/p>\n\n\n\n<div class=\"wp-block-buttons is-content-justification-center is-layout-flex wp-container-core-buttons-is-layout-16018d1d wp-block-buttons-is-layout-flex\">\n<div class=\"wp-block-button\"><a class=\"wp-block-button__link has-white-color has-text-color has-background has-link-color has-small-font-size has-custom-font-size wp-element-button\" href=\"https:\/\/www.instagram.com\/novenoce\/\" style=\"background-color:#787d63\">@Novenoce<\/a><\/div>\n<\/div>\n<\/div>\n<\/div>\n\n\n\n<p><\/p>\n","protected":false},"excerpt":{"rendered":"<p>En un mundo marcado por la globalizaci\u00f3n en el que la singularidad se diluye, emerge una necesidad urgente:&nbsp;recuperar lo aut\u00e9ntico. En Rey, asumimos el reto de ayudar a crear&nbsp;hogares \u00fanicos. Lo hacemos desde nuestra experiencia, pero tambi\u00e9n siendo conscientes de que los espacios no s\u00f3lo se construyen con objetos, sino con ideas, sensibilidad y visi\u00f3n. Por todo ello decidimos crear Perspectivas, un lugar acogedor e inspiracional donde podr\u00e1s descubrir una nueva mirada a los espacios que habitamos. Nos sentamos a conversar con quienes entienden los espacios como algo vivo. Perspectivas es un espacio en el que se re\u00fanen voces capaces de inspirar, de marcar estilo y de mostrarnos c\u00f3mo transformar cualquier rinc\u00f3n en algo m\u00e1s que un lugar. Interioristas, decoradores, expertos en bienestar\u2026personas que entienden los espacios como algo vivo. Porque un espacio no es s\u00f3lo un lugar, es una extensi\u00f3n de quienes somos, un reflejo de nuestras vivencias y aspiraciones. En&nbsp;Perspectivas&nbsp;cada conversaci\u00f3n es una ventana abierta a nuevas formas de habitar, sentir y disfrutar los espacios que llamamos nuestros. Una ventana abierta a tu hogar Para llevar a cabo este proyecto, hemos grabado 4 episodios de video podcast entrevistando a distintas personalidades del mundo del interiorismo y la decoraci\u00f3n, aportando su visi\u00f3n a cerca de las \u00faltimas tendencias en dise\u00f1o, materiales y estilos. Haz clic en las fechas y no te pierdas las entrevistas completas de nuestras invitadas en nuestro video podcast disponible en las plataformas de YouTube y Spotify Ruth Barranco Arquitecta de la percepci\u00f3n, una mente brillante que une arte, ciencia y dise\u00f1o para dar vida a entornos que impactan. Es doctora en Historia del Arte, experta en direcci\u00f3n art\u00edstica cinematogr\u00e1fica y Neuroarquitectura, y su trabajo va mucho m\u00e1s all\u00e1 de la est\u00e9tica: investiga c\u00f3mo los espacios nos afectan a nivel mental y sensorial. Patricia Lizalde Ingeniera industrial especializada en instalaciones y construcci\u00f3n de edificios, lo que la llev\u00f3 durante a\u00f1os a dirigir proyectos y obras en el sector industrial y comercial. Esta trayectoria le aport\u00f3 experiencia y habilidades t\u00e9cnicas, tanto en dise\u00f1o como en gesti\u00f3n y direcci\u00f3n de obra. La creatividad m\u00e1s sensible, la curiosidad y la capacidad innata para hacer bello lo pr\u00e1ctico, hicieron que su talento se centrara en convertir espacios en hogares, hechos completamente a medida. Rosa Tercero Interiorista con m\u00e1s de 25 a\u00f1os de experiencia, nos habla sobre su trayectoria, su visi\u00f3n del dise\u00f1o y la evoluci\u00f3n del interiorismo en la actualidad. Desde su Estudio Calibre lidera proyectos, apostando por la personalizaci\u00f3n y transformaci\u00f3n de los espacios. Compartimos con Rosa en esta entrevista su trayectoria profesional, de tienda de decoraci\u00f3n a estudio de interiorismo, donde el dise\u00f1o va m\u00e1s all\u00e1 del objeto y se convierte en una experiencia. Elisa L\u00f3pez Dise\u00f1adora de interiores y propietaria de Noveno Ce Interiorismo. Desde su infancia, mostr\u00f3 un marcado inter\u00e9s por la est\u00e9tica, la decoraci\u00f3n y el dise\u00f1o, lo que la llev\u00f3 a estudiar Proyectos y Direcci\u00f3n de Obras de Decoraci\u00f3n. Su enfoque se centra en crear espacios que combinan funcionalidad y est\u00e9tica, logrando entornos que transmiten serenidad, luminosidad y amplitud. Ruth Barranco Patricia Lizalde Rosa Tercero Elisa L\u00f3pez<\/p>\n","protected":false},"author":2,"featured_media":865,"comment_status":"open","ping_status":"open","sticky":false,"template":"","format":"standard","meta":{"footnotes":""},"categories":[1],"tags":[],"class_list":["post-400","post","type-post","status-publish","format-standard","has-post-thumbnail","hentry","category-perspectivas"],"yoast_head":"<!-- This site is optimized with the Yoast SEO plugin v24.5 - https:\/\/yoast.com\/wordpress\/plugins\/seo\/ -->\n<title>Perspectivas: di\u00e1logos sobre los espacios que vivimos - Magazine<\/title>\n<meta name=\"description\" content=\"Perspectivas es un espacio de reflexi\u00f3n sobre dise\u00f1o y hogares con alma. Di\u00e1logos inspiradores para redescubrir c\u00f3mo habitamos cada espacio.\" \/>\n<meta name=\"robots\" content=\"index, follow, max-snippet:-1, max-image-preview:large, max-video-preview:-1\" \/>\n<link rel=\"canonical\" href=\"https:\/\/www.mueblesrey.com\/magazine\/perspectivas-dialogos-sobre-los-espacios-que-vivimos\/\" \/>\n<meta property=\"og:locale\" content=\"es_ES\" \/>\n<meta property=\"og:type\" content=\"article\" \/>\n<meta property=\"og:title\" content=\"Perspectivas: di\u00e1logos sobre los espacios que vivimos - Magazine\" \/>\n<meta property=\"og:description\" content=\"Perspectivas es un espacio de reflexi\u00f3n sobre dise\u00f1o y hogares con alma. Di\u00e1logos inspiradores para redescubrir c\u00f3mo habitamos cada espacio.\" \/>\n<meta property=\"og:url\" content=\"https:\/\/www.mueblesrey.com\/magazine\/perspectivas-dialogos-sobre-los-espacios-que-vivimos\/\" \/>\n<meta property=\"og:site_name\" content=\"Magazine\" \/>\n<meta property=\"article:published_time\" content=\"2025-03-25T08:12:54+00:00\" \/>\n<meta property=\"article:modified_time\" content=\"2025-06-13T08:58:13+00:00\" \/>\n<meta property=\"og:image\" content=\"https:\/\/www.mueblesrey.com\/magazine\/wp-content\/uploads\/2025\/03\/portada-magazine-1-1.jpg\" \/>\n\t<meta property=\"og:image:width\" content=\"1920\" \/>\n\t<meta property=\"og:image:height\" content=\"1008\" \/>\n\t<meta property=\"og:image:type\" content=\"image\/jpeg\" \/>\n<meta name=\"author\" content=\"Rebeca\" \/>\n<meta name=\"twitter:card\" content=\"summary_large_image\" \/>\n<meta name=\"twitter:label1\" content=\"Escrito por\" \/>\n\t<meta name=\"twitter:data1\" content=\"Rebeca\" \/>\n\t<meta name=\"twitter:label2\" content=\"Tiempo de lectura\" \/>\n\t<meta name=\"twitter:data2\" content=\"4 minutos\" \/>\n<script type=\"application\/ld+json\" class=\"yoast-schema-graph\">{\"@context\":\"https:\/\/schema.org\",\"@graph\":[{\"@type\":\"WebPage\",\"@id\":\"https:\/\/www.mueblesrey.com\/magazine\/perspectivas-dialogos-sobre-los-espacios-que-vivimos\/\",\"url\":\"https:\/\/www.mueblesrey.com\/magazine\/perspectivas-dialogos-sobre-los-espacios-que-vivimos\/\",\"name\":\"Perspectivas: di\u00e1logos sobre los espacios que vivimos - Magazine\",\"isPartOf\":{\"@id\":\"https:\/\/www.mueblesrey.com\/magazine\/#website\"},\"primaryImageOfPage\":{\"@id\":\"https:\/\/www.mueblesrey.com\/magazine\/perspectivas-dialogos-sobre-los-espacios-que-vivimos\/#primaryimage\"},\"image\":{\"@id\":\"https:\/\/www.mueblesrey.com\/magazine\/perspectivas-dialogos-sobre-los-espacios-que-vivimos\/#primaryimage\"},\"thumbnailUrl\":\"https:\/\/www.mueblesrey.com\/magazine\/wp-content\/uploads\/2025\/03\/portada-magazine-1-1.jpg\",\"datePublished\":\"2025-03-25T08:12:54+00:00\",\"dateModified\":\"2025-06-13T08:58:13+00:00\",\"author\":{\"@id\":\"https:\/\/www.mueblesrey.com\/magazine\/#\/schema\/person\/d3a3d2da9c28641f651b913fbdd5c0da\"},\"description\":\"Perspectivas es un espacio de reflexi\u00f3n sobre dise\u00f1o y hogares con alma. Di\u00e1logos inspiradores para redescubrir c\u00f3mo habitamos cada espacio.\",\"breadcrumb\":{\"@id\":\"https:\/\/www.mueblesrey.com\/magazine\/perspectivas-dialogos-sobre-los-espacios-que-vivimos\/#breadcrumb\"},\"inLanguage\":\"es\",\"potentialAction\":[{\"@type\":\"ReadAction\",\"target\":[\"https:\/\/www.mueblesrey.com\/magazine\/perspectivas-dialogos-sobre-los-espacios-que-vivimos\/\"]}]},{\"@type\":\"ImageObject\",\"inLanguage\":\"es\",\"@id\":\"https:\/\/www.mueblesrey.com\/magazine\/perspectivas-dialogos-sobre-los-espacios-que-vivimos\/#primaryimage\",\"url\":\"https:\/\/www.mueblesrey.com\/magazine\/wp-content\/uploads\/2025\/03\/portada-magazine-1-1.jpg\",\"contentUrl\":\"https:\/\/www.mueblesrey.com\/magazine\/wp-content\/uploads\/2025\/03\/portada-magazine-1-1.jpg\",\"width\":1920,\"height\":1008},{\"@type\":\"BreadcrumbList\",\"@id\":\"https:\/\/www.mueblesrey.com\/magazine\/perspectivas-dialogos-sobre-los-espacios-que-vivimos\/#breadcrumb\",\"itemListElement\":[{\"@type\":\"ListItem\",\"position\":1,\"name\":\"Home\",\"item\":\"https:\/\/www.mueblesrey.com\/magazine\/\"},{\"@type\":\"ListItem\",\"position\":2,\"name\":\"Perspectivas\",\"item\":\"https:\/\/www.mueblesrey.com\/magazine\/category\/perspectivas\/\"},{\"@type\":\"ListItem\",\"position\":3,\"name\":\"Perspectivas: di\u00e1logos sobre los espacios que vivimos\"}]},{\"@type\":\"WebSite\",\"@id\":\"https:\/\/www.mueblesrey.com\/magazine\/#website\",\"url\":\"https:\/\/www.mueblesrey.com\/magazine\/\",\"name\":\"Magazine\",\"description\":\"El Magazine de Muebles Rey\",\"potentialAction\":[{\"@type\":\"SearchAction\",\"target\":{\"@type\":\"EntryPoint\",\"urlTemplate\":\"https:\/\/www.mueblesrey.com\/magazine\/?s={search_term_string}\"},\"query-input\":{\"@type\":\"PropertyValueSpecification\",\"valueRequired\":true,\"valueName\":\"search_term_string\"}}],\"inLanguage\":\"es\"},{\"@type\":\"Person\",\"@id\":\"https:\/\/www.mueblesrey.com\/magazine\/#\/schema\/person\/d3a3d2da9c28641f651b913fbdd5c0da\",\"name\":\"Rebeca\",\"image\":{\"@type\":\"ImageObject\",\"inLanguage\":\"es\",\"@id\":\"https:\/\/www.mueblesrey.com\/magazine\/#\/schema\/person\/image\/\",\"url\":\"https:\/\/secure.gravatar.com\/avatar\/22e95bb75e3a0ac20e941a465c27d97677319b41f713d7004e6d32ffc416ee4c?s=96&d=mm&r=g\",\"contentUrl\":\"https:\/\/secure.gravatar.com\/avatar\/22e95bb75e3a0ac20e941a465c27d97677319b41f713d7004e6d32ffc416ee4c?s=96&d=mm&r=g\",\"caption\":\"Rebeca\"},\"sameAs\":[\"https:\/\/www.mueblesrey.com\/blog\"],\"url\":\"https:\/\/www.mueblesrey.com\/magazine\/author\/cristina\/\"}]}<\/script>\n<!-- \/ Yoast SEO plugin. -->","yoast_head_json":{"title":"Perspectivas: di\u00e1logos sobre los espacios que vivimos - Magazine","description":"Perspectivas es un espacio de reflexi\u00f3n sobre dise\u00f1o y hogares con alma. Di\u00e1logos inspiradores para redescubrir c\u00f3mo habitamos cada espacio.","robots":{"index":"index","follow":"follow","max-snippet":"max-snippet:-1","max-image-preview":"max-image-preview:large","max-video-preview":"max-video-preview:-1"},"canonical":"https:\/\/www.mueblesrey.com\/magazine\/perspectivas-dialogos-sobre-los-espacios-que-vivimos\/","og_locale":"es_ES","og_type":"article","og_title":"Perspectivas: di\u00e1logos sobre los espacios que vivimos - Magazine","og_description":"Perspectivas es un espacio de reflexi\u00f3n sobre dise\u00f1o y hogares con alma. Di\u00e1logos inspiradores para redescubrir c\u00f3mo habitamos cada espacio.","og_url":"https:\/\/www.mueblesrey.com\/magazine\/perspectivas-dialogos-sobre-los-espacios-que-vivimos\/","og_site_name":"Magazine","article_published_time":"2025-03-25T08:12:54+00:00","article_modified_time":"2025-06-13T08:58:13+00:00","og_image":[{"width":1920,"height":1008,"url":"https:\/\/www.mueblesrey.com\/magazine\/wp-content\/uploads\/2025\/03\/portada-magazine-1-1.jpg","type":"image\/jpeg"}],"author":"Rebeca","twitter_card":"summary_large_image","twitter_misc":{"Escrito por":"Rebeca","Tiempo de lectura":"4 minutos"},"schema":{"@context":"https:\/\/schema.org","@graph":[{"@type":"WebPage","@id":"https:\/\/www.mueblesrey.com\/magazine\/perspectivas-dialogos-sobre-los-espacios-que-vivimos\/","url":"https:\/\/www.mueblesrey.com\/magazine\/perspectivas-dialogos-sobre-los-espacios-que-vivimos\/","name":"Perspectivas: di\u00e1logos sobre los espacios que vivimos - Magazine","isPartOf":{"@id":"https:\/\/www.mueblesrey.com\/magazine\/#website"},"primaryImageOfPage":{"@id":"https:\/\/www.mueblesrey.com\/magazine\/perspectivas-dialogos-sobre-los-espacios-que-vivimos\/#primaryimage"},"image":{"@id":"https:\/\/www.mueblesrey.com\/magazine\/perspectivas-dialogos-sobre-los-espacios-que-vivimos\/#primaryimage"},"thumbnailUrl":"https:\/\/www.mueblesrey.com\/magazine\/wp-content\/uploads\/2025\/03\/portada-magazine-1-1.jpg","datePublished":"2025-03-25T08:12:54+00:00","dateModified":"2025-06-13T08:58:13+00:00","author":{"@id":"https:\/\/www.mueblesrey.com\/magazine\/#\/schema\/person\/d3a3d2da9c28641f651b913fbdd5c0da"},"description":"Perspectivas es un espacio de reflexi\u00f3n sobre dise\u00f1o y hogares con alma. Di\u00e1logos inspiradores para redescubrir c\u00f3mo habitamos cada espacio.","breadcrumb":{"@id":"https:\/\/www.mueblesrey.com\/magazine\/perspectivas-dialogos-sobre-los-espacios-que-vivimos\/#breadcrumb"},"inLanguage":"es","potentialAction":[{"@type":"ReadAction","target":["https:\/\/www.mueblesrey.com\/magazine\/perspectivas-dialogos-sobre-los-espacios-que-vivimos\/"]}]},{"@type":"ImageObject","inLanguage":"es","@id":"https:\/\/www.mueblesrey.com\/magazine\/perspectivas-dialogos-sobre-los-espacios-que-vivimos\/#primaryimage","url":"https:\/\/www.mueblesrey.com\/magazine\/wp-content\/uploads\/2025\/03\/portada-magazine-1-1.jpg","contentUrl":"https:\/\/www.mueblesrey.com\/magazine\/wp-content\/uploads\/2025\/03\/portada-magazine-1-1.jpg","width":1920,"height":1008},{"@type":"BreadcrumbList","@id":"https:\/\/www.mueblesrey.com\/magazine\/perspectivas-dialogos-sobre-los-espacios-que-vivimos\/#breadcrumb","itemListElement":[{"@type":"ListItem","position":1,"name":"Home","item":"https:\/\/www.mueblesrey.com\/magazine\/"},{"@type":"ListItem","position":2,"name":"Perspectivas","item":"https:\/\/www.mueblesrey.com\/magazine\/category\/perspectivas\/"},{"@type":"ListItem","position":3,"name":"Perspectivas: di\u00e1logos sobre los espacios que vivimos"}]},{"@type":"WebSite","@id":"https:\/\/www.mueblesrey.com\/magazine\/#website","url":"https:\/\/www.mueblesrey.com\/magazine\/","name":"Magazine","description":"El Magazine de Muebles Rey","potentialAction":[{"@type":"SearchAction","target":{"@type":"EntryPoint","urlTemplate":"https:\/\/www.mueblesrey.com\/magazine\/?s={search_term_string}"},"query-input":{"@type":"PropertyValueSpecification","valueRequired":true,"valueName":"search_term_string"}}],"inLanguage":"es"},{"@type":"Person","@id":"https:\/\/www.mueblesrey.com\/magazine\/#\/schema\/person\/d3a3d2da9c28641f651b913fbdd5c0da","name":"Rebeca","image":{"@type":"ImageObject","inLanguage":"es","@id":"https:\/\/www.mueblesrey.com\/magazine\/#\/schema\/person\/image\/","url":"https:\/\/secure.gravatar.com\/avatar\/22e95bb75e3a0ac20e941a465c27d97677319b41f713d7004e6d32ffc416ee4c?s=96&d=mm&r=g","contentUrl":"https:\/\/secure.gravatar.com\/avatar\/22e95bb75e3a0ac20e941a465c27d97677319b41f713d7004e6d32ffc416ee4c?s=96&d=mm&r=g","caption":"Rebeca"},"sameAs":["https:\/\/www.mueblesrey.com\/blog"],"url":"https:\/\/www.mueblesrey.com\/magazine\/author\/cristina\/"}]}},"acf":[],"_links":{"self":[{"href":"https:\/\/www.mueblesrey.com\/magazine\/wp-json\/wp\/v2\/posts\/400","targetHints":{"allow":["GET"]}}],"collection":[{"href":"https:\/\/www.mueblesrey.com\/magazine\/wp-json\/wp\/v2\/posts"}],"about":[{"href":"https:\/\/www.mueblesrey.com\/magazine\/wp-json\/wp\/v2\/types\/post"}],"author":[{"embeddable":true,"href":"https:\/\/www.mueblesrey.com\/magazine\/wp-json\/wp\/v2\/users\/2"}],"replies":[{"embeddable":true,"href":"https:\/\/www.mueblesrey.com\/magazine\/wp-json\/wp\/v2\/comments?post=400"}],"version-history":[{"count":76,"href":"https:\/\/www.mueblesrey.com\/magazine\/wp-json\/wp\/v2\/posts\/400\/revisions"}],"predecessor-version":[{"id":980,"href":"https:\/\/www.mueblesrey.com\/magazine\/wp-json\/wp\/v2\/posts\/400\/revisions\/980"}],"wp:featuredmedia":[{"embeddable":true,"href":"https:\/\/www.mueblesrey.com\/magazine\/wp-json\/wp\/v2\/media\/865"}],"wp:attachment":[{"href":"https:\/\/www.mueblesrey.com\/magazine\/wp-json\/wp\/v2\/media?parent=400"}],"wp:term":[{"taxonomy":"category","embeddable":true,"href":"https:\/\/www.mueblesrey.com\/magazine\/wp-json\/wp\/v2\/categories?post=400"},{"taxonomy":"post_tag","embeddable":true,"href":"https:\/\/www.mueblesrey.com\/magazine\/wp-json\/wp\/v2\/tags?post=400"}],"curies":[{"name":"wp","href":"https:\/\/api.w.org\/{rel}","templated":true}]}}