{"id":406,"date":"2025-05-22T13:00:00","date_gmt":"2025-05-22T13:00:00","guid":{"rendered":"https:\/\/www.mueblesrey.com\/magazine\/?p=406"},"modified":"2025-07-24T08:52:24","modified_gmt":"2025-07-24T08:52:24","slug":"perspectivas-capitulo-3-rosa-tercero","status":"publish","type":"post","link":"https:\/\/www.mueblesrey.com\/magazine\/perspectivas-capitulo-3-rosa-tercero\/","title":{"rendered":"Perspectivas Episodio 3. Rosa Tercero"},"content":{"rendered":"\n<div class=\"wp-block-columns is-layout-flex wp-container-core-columns-is-layout-9d6595d7 wp-block-columns-is-layout-flex\">\n<div class=\"wp-block-column is-layout-flow wp-block-column-is-layout-flow\">\n<div class=\"wp-block-columns is-layout-flex wp-container-core-columns-is-layout-9d6595d7 wp-block-columns-is-layout-flex\">\n<div class=\"wp-block-column is-layout-flow wp-block-column-is-layout-flow\" style=\"flex-basis:33.33%\">\n<figure class=\"wp-block-image size-full is-style-rounded\"><img fetchpriority=\"high\" decoding=\"async\" width=\"647\" height=\"717\" src=\"https:\/\/www.mueblesrey.com\/magazine\/wp-content\/uploads\/2025\/03\/image-9.png\" alt=\"\" class=\"wp-image-607\" srcset=\"https:\/\/www.mueblesrey.com\/magazine\/wp-content\/uploads\/2025\/03\/image-9.png 647w, https:\/\/www.mueblesrey.com\/magazine\/wp-content\/uploads\/2025\/03\/image-9-271x300.png 271w\" sizes=\"(max-width: 647px) 100vw, 647px\" \/><\/figure>\n<\/div>\n\n\n\n<div class=\"wp-block-column is-layout-flow wp-block-column-is-layout-flow\" style=\"flex-basis:66.66%\">\n<h5 class=\"wp-block-heading\">Crear un hogar va m\u00e1s all\u00e1 de seleccionar muebles y colores; es dise\u00f1ar un espacio que refleje la esencia de quienes lo habitan.<\/h5>\n\n\n\n<p>Rosa Tercero, interiorista con m\u00e1s de 25 a\u00f1os de experiencia, nos habla sobre su trayectoria, su visi\u00f3n del dise\u00f1o y la evoluci\u00f3n del interiorismo en la actualidad. Para Rosa, el futuro del dise\u00f1o est\u00e1 en la personalizaci\u00f3n y en la conexi\u00f3n con el cliente. <\/p>\n\n\n\n<p>Desde su Estudio Calibre lidera proyectos, apostando por la personalizaci\u00f3n y transformaci\u00f3n de los espacios.<\/p>\n<\/div>\n<\/div>\n\n\n\n<div class=\"wp-block-columns is-layout-flex wp-container-core-columns-is-layout-9d6595d7 wp-block-columns-is-layout-flex\">\n<div class=\"wp-block-column is-layout-flow wp-block-column-is-layout-flow\">\n<h4 class=\"wp-block-heading\">Compartimos con Rosa en esta entrevista su trayectoria profesional, de tienda de decoraci\u00f3n a estudio de interiorismo, donde el dise\u00f1o va m\u00e1s all\u00e1 del objeto y se convierte en una experiencia. Nos muestra su pasi\u00f3n por el dise\u00f1o y su compromiso con la excelencia y la raz\u00f3n por la que su enfoque detallista y capacidad para entender las tendencias del mercado, la han posicionado como una profesional destacada en el \u00e1mbito del interiorismo.<\/h4>\n\n\n\n<div style=\"height:41px\" aria-hidden=\"true\" class=\"wp-block-spacer\"><\/div>\n\n\n\n<figure class=\"wp-block-embed is-type-video is-provider-youtube wp-block-embed-youtube wp-embed-aspect-16-9 wp-has-aspect-ratio\"><div class=\"wp-block-embed__wrapper\">\n<iframe title=\"PERSPECTIVAS Con Rosa Tercero | EP. 03\" width=\"960\" height=\"540\" src=\"https:\/\/www.youtube.com\/embed\/qowbWbtjd14?feature=oembed\" frameborder=\"0\" allow=\"accelerometer; autoplay; clipboard-write; encrypted-media; gyroscope; picture-in-picture; web-share\" referrerpolicy=\"strict-origin-when-cross-origin\" allowfullscreen><\/iframe>\n<\/div><\/figure>\n<\/div>\n<\/div>\n<\/div>\n<\/div>\n\n\n\n<div class=\"wp-block-columns is-layout-flex wp-container-core-columns-is-layout-9d6595d7 wp-block-columns-is-layout-flex\">\n<div class=\"wp-block-column is-layout-flow wp-block-column-is-layout-flow\" style=\"flex-basis:33.33%\">\n<div class=\"wp-block-buttons is-content-justification-center is-layout-flex wp-container-core-buttons-is-layout-16018d1d wp-block-buttons-is-layout-flex\">\n<div class=\"wp-block-button\"><a class=\"wp-block-button__link has-white-color has-text-color has-background has-link-color has-small-font-size has-custom-font-size wp-element-button\" href=\"https:\/\/youtu.be\/qowbWbtjd14?feature=shared\" style=\"background-color:#787d63\" target=\"_blank\" rel=\"noreferrer noopener\">V\u00eddeo Podcast<\/a><\/div>\n<\/div>\n<\/div>\n\n\n\n<div class=\"wp-block-column is-layout-flow wp-block-column-is-layout-flow\" style=\"flex-basis:66.66%\">\n<p><em>Haz click<\/em> y no te pierdas <strong>la entrevista completa<strong> a Rosa en nuestro video podcast<\/strong><\/strong><\/p>\n<\/div>\n<\/div>\n\n\n\n<div class=\"wp-block-columns is-layout-flex wp-container-core-columns-is-layout-9d6595d7 wp-block-columns-is-layout-flex\">\n<div class=\"wp-block-column is-layout-flow wp-block-column-is-layout-flow\">\n<p><strong>\u00bfC\u00f3mo surge Estudio Calibre?<\/strong><\/p>\n\n\n\n<p>Mi historia con el dise\u00f1o comienza en 2001, cuando junto a una amiga tomamos las riendas de \u201cEl Div\u00e1n\u201d, una tienda de referencia que ofrec\u00eda dise\u00f1o espa\u00f1ol de vanguardia. Lleg\u00f3 la crisis del 2008, la gente dej\u00f3 de consumir de la misma forma. Nos reinventamos y <strong>pasamos de ser una tienda de mobiliario a un estudio de decoraci\u00f3n e interiorismo.<\/strong> As\u00ed naci\u00f3 Estudio Calibre, apostando por el interiorismo y la personalizaci\u00f3n de espacios.<\/p>\n\n\n\n<p><strong>\u00bfCu\u00e1l es el principio de un proyecto? Considero que trabajas el dise\u00f1o que escucha, me gustar\u00eda saber c\u00f3mo es el proceso que realizas.<\/strong><\/p>\n\n\n\n<p><br>El interiorismo es una disciplina que requiere empat\u00eda y atenci\u00f3n al detalle. Mi metodolog\u00eda de trabajo se basa en <strong>escuchar a mis clientes, entender sus necesidades y transformar sus ideas en espacios<\/strong> que realmente los representen. Los procesos de reforma son largos en el tiempo, nunca los dejas de la mano, est\u00e1s con ellos constantemente y al final, llegas a buen puerto, y cuando ellos te dicen &#8211; Me encanta mi casa -, mi funci\u00f3n ha terminado, yo me voy y ellos se quedan durante mucho tiempo.<strong> El hecho de que no quieran salir de su nueva casa es la mejor rese\u00f1a.<\/strong><\/p>\n<\/div>\n\n\n\n<div class=\"wp-block-column is-layout-flow wp-block-column-is-layout-flow\">\n<blockquote class=\"wp-block-quote is-layout-flow wp-block-quote-is-layout-flow\">\n<p class=\"has-medium-font-size\"><\/p>\n<\/blockquote>\n\n\n\n<figure class=\"wp-block-image size-large\"><img decoding=\"async\" width=\"628\" height=\"1024\" src=\"https:\/\/www.mueblesrey.com\/magazine\/wp-content\/uploads\/2025\/03\/2024-09-25-Pomaron-02-1-1-628x1024.jpg\" alt=\"\" class=\"wp-image-552\" srcset=\"https:\/\/www.mueblesrey.com\/magazine\/wp-content\/uploads\/2025\/03\/2024-09-25-Pomaron-02-1-1-628x1024.jpg 628w, https:\/\/www.mueblesrey.com\/magazine\/wp-content\/uploads\/2025\/03\/2024-09-25-Pomaron-02-1-1-184x300.jpg 184w, https:\/\/www.mueblesrey.com\/magazine\/wp-content\/uploads\/2025\/03\/2024-09-25-Pomaron-02-1-1-768x1252.jpg 768w, https:\/\/www.mueblesrey.com\/magazine\/wp-content\/uploads\/2025\/03\/2024-09-25-Pomaron-02-1-1-942x1536.jpg 942w, https:\/\/www.mueblesrey.com\/magazine\/wp-content\/uploads\/2025\/03\/2024-09-25-Pomaron-02-1-1-1256x2048.jpg 1256w, https:\/\/www.mueblesrey.com\/magazine\/wp-content\/uploads\/2025\/03\/2024-09-25-Pomaron-02-1-1-1140x1859.jpg 1140w, https:\/\/www.mueblesrey.com\/magazine\/wp-content\/uploads\/2025\/03\/2024-09-25-Pomaron-02-1-1.jpg 1300w\" sizes=\"(max-width: 628px) 100vw, 628px\" \/><\/figure>\n\n\n\n<blockquote class=\"wp-block-quote is-layout-flow wp-block-quote-is-layout-flow\">\n<p><\/p>\n<\/blockquote>\n\n\n\n<blockquote class=\"wp-block-quote is-layout-flow wp-block-quote-is-layout-flow\">\n<p>\u00abCada vez m\u00e1s, la gente busca hogares funcionales, vers\u00e1tiles y que cuenten su historia. Mi trabajo es ayudarles a encontrar ese equilibrio entre est\u00e9tica, funcionalidad y emoci\u00f3n\u00bb<\/p>\n<\/blockquote>\n<\/div>\n<\/div>\n\n\n\n<div class=\"wp-block-columns is-layout-flex wp-container-core-columns-is-layout-9d6595d7 wp-block-columns-is-layout-flex\">\n<div class=\"wp-block-column is-layout-flow wp-block-column-is-layout-flow\">\n<figure class=\"wp-block-image size-large\"><img decoding=\"async\" width=\"924\" height=\"1024\" src=\"https:\/\/www.mueblesrey.com\/magazine\/wp-content\/uploads\/2025\/03\/2020-02-18-Valenzuela-12-1-1-924x1024.jpg\" alt=\"\" class=\"wp-image-558\" srcset=\"https:\/\/www.mueblesrey.com\/magazine\/wp-content\/uploads\/2025\/03\/2020-02-18-Valenzuela-12-1-1-924x1024.jpg 924w, https:\/\/www.mueblesrey.com\/magazine\/wp-content\/uploads\/2025\/03\/2020-02-18-Valenzuela-12-1-1-271x300.jpg 271w, https:\/\/www.mueblesrey.com\/magazine\/wp-content\/uploads\/2025\/03\/2020-02-18-Valenzuela-12-1-1-768x851.jpg 768w, https:\/\/www.mueblesrey.com\/magazine\/wp-content\/uploads\/2025\/03\/2020-02-18-Valenzuela-12-1-1-1140x1264.jpg 1140w, https:\/\/www.mueblesrey.com\/magazine\/wp-content\/uploads\/2025\/03\/2020-02-18-Valenzuela-12-1-1.jpg 1200w\" sizes=\"(max-width: 924px) 100vw, 924px\" \/><\/figure>\n<\/div>\n\n\n\n<div class=\"wp-block-column is-layout-flow wp-block-column-is-layout-flow\">\n<p><strong>En estos \u00faltimos a\u00f1os hemos asistido al cambio y la evoluci\u00f3n de la decoraci\u00f3n en los hogares. \u00bfC\u00f3mo consideras que ha afectado a cada estancia?<\/strong><\/p>\n\n\n\n<p>Ahora la casa es un concepto m\u00e1s global, en un pack. Antes se hac\u00eda por estancias de manera m\u00e1s concreta. Las casas han cambiado con el tiempo, adapt\u00e1ndose a nuevas formas de convivencia y trabajo. <strong>Antes, los hogares ten\u00edan espacios m\u00e1s compartimentados<\/strong>, mientras que ahora predominan las \u00e1reas abiertas que fomentan la interacci\u00f3n.<\/p>\n<\/div>\n<\/div>\n\n\n\n<div class=\"wp-block-columns is-layout-flex wp-container-core-columns-is-layout-9d6595d7 wp-block-columns-is-layout-flex\">\n<div class=\"wp-block-column is-layout-flow wp-block-column-is-layout-flow\">\n<p><strong>Hablemos de tendencias y lo que impacta a que sean consideradas referencia a la hora de una reforma. Trajiste Mil\u00e1n como moderna que eres, \u00a1cu\u00e9ntame m\u00e1s!<\/strong><\/p>\n\n\n\n<p>Como profesional, nos referenciamos en ellas, las tendencias est\u00e1n ah\u00ed, lo importante es que el cliente consiga que ese hogar sea muy \u00e9l o ella, haciendo que lo que consiga sea un hogar \u00fanico. <strong>Me inspiro en las cosas <\/strong>bellas, ah\u00ed no hay tendencia.<\/p>\n\n\n\n<p><strong>Ayudar a construir hogares no es tan sencillo, \u00bfCu\u00e1l dir\u00edas que es tu impronta particular? \u00bfQu\u00e9 es eso que te diferencia?<\/strong><\/p>\n\n\n\n<p>La escucha me caracteriza, cuando mis clientes hablan, yo no apunto nada, y esa escucha te lleva a que la reforma, el interiorismo y la decoraci\u00f3n vayan en global, y aunque luego lo hagan en varias fases, el cliente tenga claro hacia d\u00f3nde se dirige. La otra cosa que me representa es el acompa\u00f1amiento, <strong>cuando dejan de llamarme s\u00e9 que mi trabajo ha finalizado.<\/strong> Casi todos los clientes terminan siendo amigos,<strong> la confianza es la clave en mi manera de<br>trabajar.<\/strong><\/p>\n<\/div>\n\n\n\n<div class=\"wp-block-column is-layout-flow wp-block-column-is-layout-flow\">\n<figure class=\"wp-block-image size-large\"><img loading=\"lazy\" decoding=\"async\" width=\"683\" height=\"1024\" src=\"https:\/\/www.mueblesrey.com\/magazine\/wp-content\/uploads\/2025\/03\/2024-09-25-Pomaron-44-1-683x1024.jpg\" alt=\"\" class=\"wp-image-540\" srcset=\"https:\/\/www.mueblesrey.com\/magazine\/wp-content\/uploads\/2025\/03\/2024-09-25-Pomaron-44-1-683x1024.jpg 683w, https:\/\/www.mueblesrey.com\/magazine\/wp-content\/uploads\/2025\/03\/2024-09-25-Pomaron-44-1-200x300.jpg 200w, https:\/\/www.mueblesrey.com\/magazine\/wp-content\/uploads\/2025\/03\/2024-09-25-Pomaron-44-1-768x1152.jpg 768w, https:\/\/www.mueblesrey.com\/magazine\/wp-content\/uploads\/2025\/03\/2024-09-25-Pomaron-44-1-1024x1536.jpg 1024w, https:\/\/www.mueblesrey.com\/magazine\/wp-content\/uploads\/2025\/03\/2024-09-25-Pomaron-44-1-1140x1710.jpg 1140w, https:\/\/www.mueblesrey.com\/magazine\/wp-content\/uploads\/2025\/03\/2024-09-25-Pomaron-44-1.jpg 1200w\" sizes=\"(max-width: 683px) 100vw, 683px\" \/><\/figure>\n\n\n\n<blockquote class=\"wp-block-quote is-layout-flow wp-block-quote-is-layout-flow\">\n<blockquote class=\"wp-block-quote is-layout-flow wp-block-quote-is-layout-flow\">\n<p class=\"has-medium-font-size\"><\/p>\n<\/blockquote>\n<\/blockquote>\n\n\n\n<blockquote class=\"wp-block-quote is-layout-flow wp-block-quote-is-layout-flow\">\n<p>\u00abCuando comienzo un proyecto, me gusta hablar con mis clientes, conocer su estilo de vida, c\u00f3mo quieren vivir su hogar. La clave est\u00e1 en la escucha\u00bb<\/p>\n<\/blockquote>\n<\/div>\n<\/div>\n\n\n\n<div style=\"height:22px\" aria-hidden=\"true\" class=\"wp-block-spacer\"><\/div>\n\n\n\n<div class=\"wp-block-columns is-layout-flex wp-container-core-columns-is-layout-9d6595d7 wp-block-columns-is-layout-flex\">\n<div class=\"wp-block-column is-layout-flow wp-block-column-is-layout-flow\">\n<figure class=\"wp-block-image size-large\"><img loading=\"lazy\" decoding=\"async\" width=\"771\" height=\"1024\" src=\"https:\/\/www.mueblesrey.com\/magazine\/wp-content\/uploads\/2025\/03\/2024-09-25-Pomaron-58-2-771x1024.jpg\" alt=\"\" class=\"wp-image-567\" srcset=\"https:\/\/www.mueblesrey.com\/magazine\/wp-content\/uploads\/2025\/03\/2024-09-25-Pomaron-58-2-771x1024.jpg 771w, https:\/\/www.mueblesrey.com\/magazine\/wp-content\/uploads\/2025\/03\/2024-09-25-Pomaron-58-2-226x300.jpg 226w, https:\/\/www.mueblesrey.com\/magazine\/wp-content\/uploads\/2025\/03\/2024-09-25-Pomaron-58-2-768x1019.jpg 768w, https:\/\/www.mueblesrey.com\/magazine\/wp-content\/uploads\/2025\/03\/2024-09-25-Pomaron-58-2-1157x1536.jpg 1157w, https:\/\/www.mueblesrey.com\/magazine\/wp-content\/uploads\/2025\/03\/2024-09-25-Pomaron-58-2-1543x2048.jpg 1543w, https:\/\/www.mueblesrey.com\/magazine\/wp-content\/uploads\/2025\/03\/2024-09-25-Pomaron-58-2-1140x1513.jpg 1140w, https:\/\/www.mueblesrey.com\/magazine\/wp-content\/uploads\/2025\/03\/2024-09-25-Pomaron-58-2.jpg 1808w\" sizes=\"(max-width: 771px) 100vw, 771px\" \/><\/figure>\n<\/div>\n\n\n\n<div class=\"wp-block-column is-layout-flow wp-block-column-is-layout-flow\">\n<p><strong>En Rey como asesores de hogar realizan un acompa\u00f1amiento en el proceso de compra. \u00bfQu\u00e9 tan importante es ir de la mano a la hora de plantearse una reforma o proyecto de decoraci\u00f3n?<\/strong><\/p>\n\n\n\n<p>En mi opini\u00f3n yo recomiendo que nadie se meta s\u00f3lo en este proceso porque puede llegar a ser un laberinto, que acudan a un asesor que les pueda guiar porque <strong>el camino hasta el final puede llegar a ser duro.<\/strong><\/p>\n\n\n\n<p><strong>En decoraci\u00f3n hay muchos estilos, \u00bfconsideras que tus clientes tienen un estilo propio o definido?<\/strong><\/p>\n\n\n\n<p>La mayor\u00eda saben lo que no quieren, en eso no dudan, pero s\u00ed se cuestionan en lo que quieren, entienden que <strong>su forma de vivir les lleva a un estilo determinado.<\/strong><\/p>\n<\/div>\n<\/div>\n\n\n\n<div class=\"wp-block-columns is-layout-flex wp-container-core-columns-is-layout-9d6595d7 wp-block-columns-is-layout-flex\">\n<div class=\"wp-block-column is-layout-flow wp-block-column-is-layout-flow\">\n<p><strong>\u00bfCu\u00e1l es la estancia que m\u00e1s te gusta decorar?<\/strong><\/p>\n\n\n\n<p>Me quedo con la cocina, cocinar no cocinamos todos los d\u00edas, pero comer s\u00ed, lo que hace que necesitemos este lugar no s\u00f3lo para vivir sino para reunirnos con familia y amigos. Ahora se utilizan para trabajar, colocan su port\u00e1til, <strong>hemos evolucionado, sobre todo desde la pandemia, fue<br>un antes y un despu\u00e9s, <\/strong>la gente vio los defectos en sus casas, vivimos m\u00e1s tiempo fuera que dentro, y <strong>ahora el foco lo hemos puesto en nuestros hogares.<\/strong><\/p>\n\n\n\n<p><strong>\u00bfQu\u00e9 importancia le das a la iluminaci\u00f3n?<\/strong><\/p>\n\n\n\n<p>La luz es fundamental a la hora de decorar y reformar,<strong> cualquier pieza puede ser mucho m\u00e1s bella si la iluminas bien<\/strong>. Recomiendo en el hogar la luz c\u00e1lida, las oficinas en luz fr\u00eda, pero cada espacio requiere de su propia iluminaci\u00f3n, es m\u00e1s, <strong>en cada estancia se pueden hacer distintas escenas de iluminaci\u00f3n.<\/strong><\/p>\n<\/div>\n\n\n\n<div class=\"wp-block-column is-layout-flow wp-block-column-is-layout-flow\">\n<figure class=\"wp-block-image size-large\"><img loading=\"lazy\" decoding=\"async\" width=\"573\" height=\"1024\" src=\"https:\/\/www.mueblesrey.com\/magazine\/wp-content\/uploads\/2025\/03\/2024-11-20-Saitra-Montecanal-II-05-1-1-573x1024.jpg\" alt=\"\" class=\"wp-image-562\" srcset=\"https:\/\/www.mueblesrey.com\/magazine\/wp-content\/uploads\/2025\/03\/2024-11-20-Saitra-Montecanal-II-05-1-1-573x1024.jpg 573w, https:\/\/www.mueblesrey.com\/magazine\/wp-content\/uploads\/2025\/03\/2024-11-20-Saitra-Montecanal-II-05-1-1-168x300.jpg 168w, https:\/\/www.mueblesrey.com\/magazine\/wp-content\/uploads\/2025\/03\/2024-11-20-Saitra-Montecanal-II-05-1-1-768x1372.jpg 768w, https:\/\/www.mueblesrey.com\/magazine\/wp-content\/uploads\/2025\/03\/2024-11-20-Saitra-Montecanal-II-05-1-1-860x1536.jpg 860w, https:\/\/www.mueblesrey.com\/magazine\/wp-content\/uploads\/2025\/03\/2024-11-20-Saitra-Montecanal-II-05-1-1-1147x2048.jpg 1147w, https:\/\/www.mueblesrey.com\/magazine\/wp-content\/uploads\/2025\/03\/2024-11-20-Saitra-Montecanal-II-05-1-1-1140x2036.jpg 1140w, https:\/\/www.mueblesrey.com\/magazine\/wp-content\/uploads\/2025\/03\/2024-11-20-Saitra-Montecanal-II-05-1-1.jpg 1200w\" sizes=\"(max-width: 573px) 100vw, 573px\" \/><\/figure>\n<\/div>\n<\/div>\n\n\n\n<div class=\"wp-block-columns is-layout-flex wp-container-core-columns-is-layout-9d6595d7 wp-block-columns-is-layout-flex\">\n<div class=\"wp-block-column is-layout-flow wp-block-column-is-layout-flow\">\n<figure class=\"wp-block-image size-large\"><img loading=\"lazy\" decoding=\"async\" width=\"589\" height=\"1024\" src=\"https:\/\/www.mueblesrey.com\/magazine\/wp-content\/uploads\/2025\/03\/2019-07-02-Las-Lomas-12-2-3-589x1024.jpg\" alt=\"\" class=\"wp-image-577\" srcset=\"https:\/\/www.mueblesrey.com\/magazine\/wp-content\/uploads\/2025\/03\/2019-07-02-Las-Lomas-12-2-3-589x1024.jpg 589w, https:\/\/www.mueblesrey.com\/magazine\/wp-content\/uploads\/2025\/03\/2019-07-02-Las-Lomas-12-2-3-173x300.jpg 173w, https:\/\/www.mueblesrey.com\/magazine\/wp-content\/uploads\/2025\/03\/2019-07-02-Las-Lomas-12-2-3-768x1334.jpg 768w, https:\/\/www.mueblesrey.com\/magazine\/wp-content\/uploads\/2025\/03\/2019-07-02-Las-Lomas-12-2-3-884x1536.jpg 884w, https:\/\/www.mueblesrey.com\/magazine\/wp-content\/uploads\/2025\/03\/2019-07-02-Las-Lomas-12-2-3-1179x2048.jpg 1179w, https:\/\/www.mueblesrey.com\/magazine\/wp-content\/uploads\/2025\/03\/2019-07-02-Las-Lomas-12-2-3-1140x1980.jpg 1140w, https:\/\/www.mueblesrey.com\/magazine\/wp-content\/uploads\/2025\/03\/2019-07-02-Las-Lomas-12-2-3-scaled.jpg 1474w\" sizes=\"(max-width: 589px) 100vw, 589px\" \/><\/figure>\n<\/div>\n\n\n\n<div class=\"wp-block-column is-layout-flow wp-block-column-is-layout-flow\">\n<p><strong>Los materiales cuentan historias. \u00bfCu\u00e1les son tus favoritos?<\/strong><\/p>\n\n\n\n<p>Los materiales naturales son esenciales para lograr un dise\u00f1o atemporal y con identidad. <strong>Prefiero trabajar con lino, madera, cer\u00e1mica y m\u00e1rmol,<\/strong> materiales que aportan calidez y autenticidad a los espacios, que te conectan con la<br>naturaleza.<\/p>\n\n\n\n<p><strong>\u00bfCu\u00e1l es tu experiencia personal con la marca Rey?<\/strong><\/p>\n\n\n\n<p>La marca Rey <strong>fue mi primera mesa de comedor<\/strong>, era de cristal y octogonal, con estructura de lat\u00f3n brillante y unas sillas de lat\u00f3n a juego. Rey por entonces ten\u00eda ya una parte de mueble muy contempor\u00e1nea.<\/p>\n\n\n\n<p><strong>\u00bfCu\u00e1l es tu color Pantone favorito?<\/strong><\/p>\n\n\n\n<p>Los colores tienen la ventaja de que puedes cambiarlos, si quieres seguir la tendencia no hay tanto riesgo. Mi paleta de color favorita es la de los c\u00e1lidos,<strong> tonos tierra, naturales y sobre todo el blanco.<\/strong><\/p>\n<\/div>\n<\/div>\n\n\n\n<p><\/p>\n","protected":false},"excerpt":{"rendered":"<p>Crear un hogar va m\u00e1s all\u00e1 de seleccionar muebles y colores; es dise\u00f1ar un espacio que refleje la esencia de quienes lo habitan. Rosa Tercero, interiorista con m\u00e1s de 25 a\u00f1os de experiencia, nos habla sobre su trayectoria, su visi\u00f3n del dise\u00f1o y la evoluci\u00f3n del interiorismo en la actualidad. Para Rosa, el futuro del dise\u00f1o est\u00e1 en la personalizaci\u00f3n y en la conexi\u00f3n con el cliente. Desde su Estudio Calibre lidera proyectos, apostando por la personalizaci\u00f3n y transformaci\u00f3n de los espacios. Compartimos con Rosa en esta entrevista su trayectoria profesional, de tienda de decoraci\u00f3n a estudio de interiorismo, donde el dise\u00f1o va m\u00e1s all\u00e1 del objeto y se convierte en una experiencia. Nos muestra su pasi\u00f3n por el dise\u00f1o y su compromiso con la excelencia y la raz\u00f3n por la que su enfoque detallista y capacidad para entender las tendencias del mercado, la han posicionado como una profesional destacada en el \u00e1mbito del interiorismo. Haz click y no te pierdas la entrevista completa a Rosa en nuestro video podcast \u00bfC\u00f3mo surge Estudio Calibre? Mi historia con el dise\u00f1o comienza en 2001, cuando junto a una amiga tomamos las riendas de \u201cEl Div\u00e1n\u201d, una tienda de referencia que ofrec\u00eda dise\u00f1o espa\u00f1ol de vanguardia. Lleg\u00f3 la crisis del 2008, la gente dej\u00f3 de consumir de la misma forma. Nos reinventamos y pasamos de ser una tienda de mobiliario a un estudio de decoraci\u00f3n e interiorismo. As\u00ed naci\u00f3 Estudio Calibre, apostando por el interiorismo y la personalizaci\u00f3n de espacios. \u00bfCu\u00e1l es el principio de un proyecto? Considero que trabajas el dise\u00f1o que escucha, me gustar\u00eda saber c\u00f3mo es el proceso que realizas. El interiorismo es una disciplina que requiere empat\u00eda y atenci\u00f3n al detalle. Mi metodolog\u00eda de trabajo se basa en escuchar a mis clientes, entender sus necesidades y transformar sus ideas en espacios que realmente los representen. Los procesos de reforma son largos en el tiempo, nunca los dejas de la mano, est\u00e1s con ellos constantemente y al final, llegas a buen puerto, y cuando ellos te dicen &#8211; Me encanta mi casa -, mi funci\u00f3n ha terminado, yo me voy y ellos se quedan durante mucho tiempo. El hecho de que no quieran salir de su nueva casa es la mejor rese\u00f1a. \u00abCada vez m\u00e1s, la gente busca hogares funcionales, vers\u00e1tiles y que cuenten su historia. Mi trabajo es ayudarles a encontrar ese equilibrio entre est\u00e9tica, funcionalidad y emoci\u00f3n\u00bb En estos \u00faltimos a\u00f1os hemos asistido al cambio y la evoluci\u00f3n de la decoraci\u00f3n en los hogares. \u00bfC\u00f3mo consideras que ha afectado a cada estancia? Ahora la casa es un concepto m\u00e1s global, en un pack. Antes se hac\u00eda por estancias de manera m\u00e1s concreta. Las casas han cambiado con el tiempo, adapt\u00e1ndose a nuevas formas de convivencia y trabajo. Antes, los hogares ten\u00edan espacios m\u00e1s compartimentados, mientras que ahora predominan las \u00e1reas abiertas que fomentan la interacci\u00f3n. Hablemos de tendencias y lo que impacta a que sean consideradas referencia a la hora de una reforma. Trajiste Mil\u00e1n como moderna que eres, \u00a1cu\u00e9ntame m\u00e1s! Como profesional, nos referenciamos en ellas, las tendencias est\u00e1n ah\u00ed, lo importante es que el cliente consiga que ese hogar sea muy \u00e9l o ella, haciendo que lo que consiga sea un hogar \u00fanico. Me inspiro en las cosas bellas, ah\u00ed no hay tendencia. Ayudar a construir hogares no es tan sencillo, \u00bfCu\u00e1l dir\u00edas que es tu impronta particular? \u00bfQu\u00e9 es eso que te diferencia? La escucha me caracteriza, cuando mis clientes hablan, yo no apunto nada, y esa escucha te lleva a que la reforma, el interiorismo y la decoraci\u00f3n vayan en global, y aunque luego lo hagan en varias fases, el cliente tenga claro hacia d\u00f3nde se dirige. La otra cosa que me representa es el acompa\u00f1amiento, cuando dejan de llamarme s\u00e9 que mi trabajo ha finalizado. Casi todos los clientes terminan siendo amigos, la confianza es la clave en mi manera detrabajar. \u00abCuando comienzo un proyecto, me gusta hablar con mis clientes, conocer su estilo de vida, c\u00f3mo quieren vivir su hogar. La clave est\u00e1 en la escucha\u00bb En Rey como asesores de hogar realizan un acompa\u00f1amiento en el proceso de compra. \u00bfQu\u00e9 tan importante es ir de la mano a la hora de plantearse una reforma o proyecto de decoraci\u00f3n? En mi opini\u00f3n yo recomiendo que nadie se meta s\u00f3lo en este proceso porque puede llegar a ser un laberinto, que acudan a un asesor que les pueda guiar porque el camino hasta el final puede llegar a ser duro. En decoraci\u00f3n hay muchos estilos, \u00bfconsideras que tus clientes tienen un estilo propio o definido? La mayor\u00eda saben lo que no quieren, en eso no dudan, pero s\u00ed se cuestionan en lo que quieren, entienden que su forma de vivir les lleva a un estilo determinado. \u00bfCu\u00e1l es la estancia que m\u00e1s te gusta decorar? Me quedo con la cocina, cocinar no cocinamos todos los d\u00edas, pero comer s\u00ed, lo que hace que necesitemos este lugar no s\u00f3lo para vivir sino para reunirnos con familia y amigos. Ahora se utilizan para trabajar, colocan su port\u00e1til, hemos evolucionado, sobre todo desde la pandemia, fueun antes y un despu\u00e9s, la gente vio los defectos en sus casas, vivimos m\u00e1s tiempo fuera que dentro, y ahora el foco lo hemos puesto en nuestros hogares. \u00bfQu\u00e9 importancia le das a la iluminaci\u00f3n? La luz es fundamental a la hora de decorar y reformar, cualquier pieza puede ser mucho m\u00e1s bella si la iluminas bien. Recomiendo en el hogar la luz c\u00e1lida, las oficinas en luz fr\u00eda, pero cada espacio requiere de su propia iluminaci\u00f3n, es m\u00e1s, en cada estancia se pueden hacer distintas escenas de iluminaci\u00f3n. Los materiales cuentan historias. \u00bfCu\u00e1les son tus favoritos? Los materiales naturales son esenciales para lograr un dise\u00f1o atemporal y con identidad. Prefiero trabajar con lino, madera, cer\u00e1mica y m\u00e1rmol, materiales que aportan calidez y autenticidad a los espacios, que te conectan con lanaturaleza. \u00bfCu\u00e1l es tu experiencia personal con la marca Rey? La marca Rey fue mi primera mesa de comedor, era de cristal y octogonal, con estructura de lat\u00f3n brillante y unas sillas de lat\u00f3n a juego. Rey por entonces ten\u00eda ya una parte de mueble muy contempor\u00e1nea. \u00bfCu\u00e1l es tu color Pantone favorito? Los colores tienen la ventaja de que puedes cambiarlos, si quieres seguir la tendencia no hay tanto riesgo. Mi paleta de color favorita es la de los c\u00e1lidos, tonos tierra, naturales y sobre todo el blanco.<\/p>\n","protected":false},"author":2,"featured_media":727,"comment_status":"open","ping_status":"open","sticky":false,"template":"","format":"standard","meta":{"footnotes":""},"categories":[1],"tags":[],"class_list":["post-406","post","type-post","status-publish","format-standard","has-post-thumbnail","hentry","category-perspectivas"],"yoast_head":"<!-- This site is optimized with the Yoast SEO plugin v24.5 - https:\/\/yoast.com\/wordpress\/plugins\/seo\/ -->\n<title>Perspectivas Episodio 3. Rosa Tercero - Magazine<\/title>\n<meta name=\"robots\" content=\"index, follow, max-snippet:-1, max-image-preview:large, max-video-preview:-1\" \/>\n<link rel=\"canonical\" href=\"https:\/\/www.mueblesrey.com\/magazine\/perspectivas-capitulo-3-rosa-tercero\/\" \/>\n<meta property=\"og:locale\" content=\"es_ES\" \/>\n<meta property=\"og:type\" content=\"article\" \/>\n<meta property=\"og:title\" content=\"Perspectivas Episodio 3. Rosa Tercero - Magazine\" \/>\n<meta property=\"og:description\" content=\"Crear un hogar va m\u00e1s all\u00e1 de seleccionar muebles y colores; es dise\u00f1ar un espacio que refleje la esencia de quienes lo habitan. Rosa Tercero, interiorista con m\u00e1s de 25 a\u00f1os de experiencia, nos habla sobre su trayectoria, su visi\u00f3n del dise\u00f1o y la evoluci\u00f3n del interiorismo en la actualidad. Para Rosa, el futuro del dise\u00f1o est\u00e1 en la personalizaci\u00f3n y en la conexi\u00f3n con el cliente. Desde su Estudio Calibre lidera proyectos, apostando por la personalizaci\u00f3n y transformaci\u00f3n de los espacios. Compartimos con Rosa en esta entrevista su trayectoria profesional, de tienda de decoraci\u00f3n a estudio de interiorismo, donde el dise\u00f1o va m\u00e1s all\u00e1 del objeto y se convierte en una experiencia. Nos muestra su pasi\u00f3n por el dise\u00f1o y su compromiso con la excelencia y la raz\u00f3n por la que su enfoque detallista y capacidad para entender las tendencias del mercado, la han posicionado como una profesional destacada en el \u00e1mbito del interiorismo. Haz click y no te pierdas la entrevista completa a Rosa en nuestro video podcast \u00bfC\u00f3mo surge Estudio Calibre? Mi historia con el dise\u00f1o comienza en 2001, cuando junto a una amiga tomamos las riendas de \u201cEl Div\u00e1n\u201d, una tienda de referencia que ofrec\u00eda dise\u00f1o espa\u00f1ol de vanguardia. Lleg\u00f3 la crisis del 2008, la gente dej\u00f3 de consumir de la misma forma. Nos reinventamos y pasamos de ser una tienda de mobiliario a un estudio de decoraci\u00f3n e interiorismo. As\u00ed naci\u00f3 Estudio Calibre, apostando por el interiorismo y la personalizaci\u00f3n de espacios. \u00bfCu\u00e1l es el principio de un proyecto? Considero que trabajas el dise\u00f1o que escucha, me gustar\u00eda saber c\u00f3mo es el proceso que realizas. El interiorismo es una disciplina que requiere empat\u00eda y atenci\u00f3n al detalle. Mi metodolog\u00eda de trabajo se basa en escuchar a mis clientes, entender sus necesidades y transformar sus ideas en espacios que realmente los representen. Los procesos de reforma son largos en el tiempo, nunca los dejas de la mano, est\u00e1s con ellos constantemente y al final, llegas a buen puerto, y cuando ellos te dicen &#8211; Me encanta mi casa -, mi funci\u00f3n ha terminado, yo me voy y ellos se quedan durante mucho tiempo. El hecho de que no quieran salir de su nueva casa es la mejor rese\u00f1a. \u00abCada vez m\u00e1s, la gente busca hogares funcionales, vers\u00e1tiles y que cuenten su historia. Mi trabajo es ayudarles a encontrar ese equilibrio entre est\u00e9tica, funcionalidad y emoci\u00f3n\u00bb En estos \u00faltimos a\u00f1os hemos asistido al cambio y la evoluci\u00f3n de la decoraci\u00f3n en los hogares. \u00bfC\u00f3mo consideras que ha afectado a cada estancia? Ahora la casa es un concepto m\u00e1s global, en un pack. Antes se hac\u00eda por estancias de manera m\u00e1s concreta. Las casas han cambiado con el tiempo, adapt\u00e1ndose a nuevas formas de convivencia y trabajo. Antes, los hogares ten\u00edan espacios m\u00e1s compartimentados, mientras que ahora predominan las \u00e1reas abiertas que fomentan la interacci\u00f3n. Hablemos de tendencias y lo que impacta a que sean consideradas referencia a la hora de una reforma. Trajiste Mil\u00e1n como moderna que eres, \u00a1cu\u00e9ntame m\u00e1s! Como profesional, nos referenciamos en ellas, las tendencias est\u00e1n ah\u00ed, lo importante es que el cliente consiga que ese hogar sea muy \u00e9l o ella, haciendo que lo que consiga sea un hogar \u00fanico. Me inspiro en las cosas bellas, ah\u00ed no hay tendencia. Ayudar a construir hogares no es tan sencillo, \u00bfCu\u00e1l dir\u00edas que es tu impronta particular? \u00bfQu\u00e9 es eso que te diferencia? La escucha me caracteriza, cuando mis clientes hablan, yo no apunto nada, y esa escucha te lleva a que la reforma, el interiorismo y la decoraci\u00f3n vayan en global, y aunque luego lo hagan en varias fases, el cliente tenga claro hacia d\u00f3nde se dirige. La otra cosa que me representa es el acompa\u00f1amiento, cuando dejan de llamarme s\u00e9 que mi trabajo ha finalizado. Casi todos los clientes terminan siendo amigos, la confianza es la clave en mi manera detrabajar. \u00abCuando comienzo un proyecto, me gusta hablar con mis clientes, conocer su estilo de vida, c\u00f3mo quieren vivir su hogar. La clave est\u00e1 en la escucha\u00bb En Rey como asesores de hogar realizan un acompa\u00f1amiento en el proceso de compra. \u00bfQu\u00e9 tan importante es ir de la mano a la hora de plantearse una reforma o proyecto de decoraci\u00f3n? En mi opini\u00f3n yo recomiendo que nadie se meta s\u00f3lo en este proceso porque puede llegar a ser un laberinto, que acudan a un asesor que les pueda guiar porque el camino hasta el final puede llegar a ser duro. En decoraci\u00f3n hay muchos estilos, \u00bfconsideras que tus clientes tienen un estilo propio o definido? La mayor\u00eda saben lo que no quieren, en eso no dudan, pero s\u00ed se cuestionan en lo que quieren, entienden que su forma de vivir les lleva a un estilo determinado. \u00bfCu\u00e1l es la estancia que m\u00e1s te gusta decorar? Me quedo con la cocina, cocinar no cocinamos todos los d\u00edas, pero comer s\u00ed, lo que hace que necesitemos este lugar no s\u00f3lo para vivir sino para reunirnos con familia y amigos. Ahora se utilizan para trabajar, colocan su port\u00e1til, hemos evolucionado, sobre todo desde la pandemia, fueun antes y un despu\u00e9s, la gente vio los defectos en sus casas, vivimos m\u00e1s tiempo fuera que dentro, y ahora el foco lo hemos puesto en nuestros hogares. \u00bfQu\u00e9 importancia le das a la iluminaci\u00f3n? La luz es fundamental a la hora de decorar y reformar, cualquier pieza puede ser mucho m\u00e1s bella si la iluminas bien. Recomiendo en el hogar la luz c\u00e1lida, las oficinas en luz fr\u00eda, pero cada espacio requiere de su propia iluminaci\u00f3n, es m\u00e1s, en cada estancia se pueden hacer distintas escenas de iluminaci\u00f3n. Los materiales cuentan historias. \u00bfCu\u00e1les son tus favoritos? Los materiales naturales son esenciales para lograr un dise\u00f1o atemporal y con identidad. Prefiero trabajar con lino, madera, cer\u00e1mica y m\u00e1rmol, materiales que aportan calidez y autenticidad a los espacios, que te conectan con lanaturaleza. \u00bfCu\u00e1l es tu experiencia personal con la marca Rey? La marca Rey fue mi primera mesa de comedor, era de cristal y octogonal, con estructura de lat\u00f3n brillante y unas sillas de lat\u00f3n a juego. Rey por entonces ten\u00eda ya una parte de mueble muy contempor\u00e1nea. \u00bfCu\u00e1l es tu color Pantone favorito? Los colores tienen la ventaja de que puedes cambiarlos, si quieres seguir la tendencia no hay tanto riesgo. Mi paleta de color favorita es la de los c\u00e1lidos, tonos tierra, naturales y sobre todo el blanco.\" \/>\n<meta property=\"og:url\" content=\"https:\/\/www.mueblesrey.com\/magazine\/perspectivas-capitulo-3-rosa-tercero\/\" \/>\n<meta property=\"og:site_name\" content=\"Magazine\" \/>\n<meta property=\"article:published_time\" content=\"2025-05-22T13:00:00+00:00\" \/>\n<meta property=\"article:modified_time\" content=\"2025-07-24T08:52:24+00:00\" \/>\n<meta property=\"og:image\" content=\"https:\/\/www.mueblesrey.com\/magazine\/wp-content\/uploads\/2025\/05\/Perspectivas-2-scaled.jpg\" \/>\n\t<meta property=\"og:image:width\" content=\"2560\" \/>\n\t<meta property=\"og:image:height\" content=\"1707\" \/>\n\t<meta property=\"og:image:type\" content=\"image\/jpeg\" \/>\n<meta name=\"author\" content=\"Rebeca\" \/>\n<meta name=\"twitter:card\" content=\"summary_large_image\" \/>\n<meta name=\"twitter:label1\" content=\"Escrito por\" \/>\n\t<meta name=\"twitter:data1\" content=\"Rebeca\" \/>\n\t<meta name=\"twitter:label2\" content=\"Tiempo de lectura\" \/>\n\t<meta name=\"twitter:data2\" content=\"7 minutos\" \/>\n<script type=\"application\/ld+json\" class=\"yoast-schema-graph\">{\"@context\":\"https:\/\/schema.org\",\"@graph\":[{\"@type\":\"WebPage\",\"@id\":\"https:\/\/www.mueblesrey.com\/magazine\/perspectivas-capitulo-3-rosa-tercero\/\",\"url\":\"https:\/\/www.mueblesrey.com\/magazine\/perspectivas-capitulo-3-rosa-tercero\/\",\"name\":\"Perspectivas Episodio 3. Rosa Tercero - Magazine\",\"isPartOf\":{\"@id\":\"https:\/\/www.mueblesrey.com\/magazine\/#website\"},\"primaryImageOfPage\":{\"@id\":\"https:\/\/www.mueblesrey.com\/magazine\/perspectivas-capitulo-3-rosa-tercero\/#primaryimage\"},\"image\":{\"@id\":\"https:\/\/www.mueblesrey.com\/magazine\/perspectivas-capitulo-3-rosa-tercero\/#primaryimage\"},\"thumbnailUrl\":\"https:\/\/www.mueblesrey.com\/magazine\/wp-content\/uploads\/2025\/05\/Perspectivas-2-scaled.jpg\",\"datePublished\":\"2025-05-22T13:00:00+00:00\",\"dateModified\":\"2025-07-24T08:52:24+00:00\",\"author\":{\"@id\":\"https:\/\/www.mueblesrey.com\/magazine\/#\/schema\/person\/d3a3d2da9c28641f651b913fbdd5c0da\"},\"breadcrumb\":{\"@id\":\"https:\/\/www.mueblesrey.com\/magazine\/perspectivas-capitulo-3-rosa-tercero\/#breadcrumb\"},\"inLanguage\":\"es\",\"potentialAction\":[{\"@type\":\"ReadAction\",\"target\":[\"https:\/\/www.mueblesrey.com\/magazine\/perspectivas-capitulo-3-rosa-tercero\/\"]}]},{\"@type\":\"ImageObject\",\"inLanguage\":\"es\",\"@id\":\"https:\/\/www.mueblesrey.com\/magazine\/perspectivas-capitulo-3-rosa-tercero\/#primaryimage\",\"url\":\"https:\/\/www.mueblesrey.com\/magazine\/wp-content\/uploads\/2025\/05\/Perspectivas-2-scaled.jpg\",\"contentUrl\":\"https:\/\/www.mueblesrey.com\/magazine\/wp-content\/uploads\/2025\/05\/Perspectivas-2-scaled.jpg\",\"width\":2560,\"height\":1707},{\"@type\":\"BreadcrumbList\",\"@id\":\"https:\/\/www.mueblesrey.com\/magazine\/perspectivas-capitulo-3-rosa-tercero\/#breadcrumb\",\"itemListElement\":[{\"@type\":\"ListItem\",\"position\":1,\"name\":\"Home\",\"item\":\"https:\/\/www.mueblesrey.com\/magazine\/\"},{\"@type\":\"ListItem\",\"position\":2,\"name\":\"Perspectivas\",\"item\":\"https:\/\/www.mueblesrey.com\/magazine\/category\/perspectivas\/\"},{\"@type\":\"ListItem\",\"position\":3,\"name\":\"Perspectivas Episodio 3. Rosa Tercero\"}]},{\"@type\":\"WebSite\",\"@id\":\"https:\/\/www.mueblesrey.com\/magazine\/#website\",\"url\":\"https:\/\/www.mueblesrey.com\/magazine\/\",\"name\":\"Magazine\",\"description\":\"El Magazine de Muebles Rey\",\"potentialAction\":[{\"@type\":\"SearchAction\",\"target\":{\"@type\":\"EntryPoint\",\"urlTemplate\":\"https:\/\/www.mueblesrey.com\/magazine\/?s={search_term_string}\"},\"query-input\":{\"@type\":\"PropertyValueSpecification\",\"valueRequired\":true,\"valueName\":\"search_term_string\"}}],\"inLanguage\":\"es\"},{\"@type\":\"Person\",\"@id\":\"https:\/\/www.mueblesrey.com\/magazine\/#\/schema\/person\/d3a3d2da9c28641f651b913fbdd5c0da\",\"name\":\"Rebeca\",\"image\":{\"@type\":\"ImageObject\",\"inLanguage\":\"es\",\"@id\":\"https:\/\/www.mueblesrey.com\/magazine\/#\/schema\/person\/image\/\",\"url\":\"https:\/\/secure.gravatar.com\/avatar\/22e95bb75e3a0ac20e941a465c27d97677319b41f713d7004e6d32ffc416ee4c?s=96&d=mm&r=g\",\"contentUrl\":\"https:\/\/secure.gravatar.com\/avatar\/22e95bb75e3a0ac20e941a465c27d97677319b41f713d7004e6d32ffc416ee4c?s=96&d=mm&r=g\",\"caption\":\"Rebeca\"},\"sameAs\":[\"https:\/\/www.mueblesrey.com\/blog\"],\"url\":\"https:\/\/www.mueblesrey.com\/magazine\/author\/cristina\/\"}]}<\/script>\n<!-- \/ Yoast SEO plugin. -->","yoast_head_json":{"title":"Perspectivas Episodio 3. Rosa Tercero - Magazine","robots":{"index":"index","follow":"follow","max-snippet":"max-snippet:-1","max-image-preview":"max-image-preview:large","max-video-preview":"max-video-preview:-1"},"canonical":"https:\/\/www.mueblesrey.com\/magazine\/perspectivas-capitulo-3-rosa-tercero\/","og_locale":"es_ES","og_type":"article","og_title":"Perspectivas Episodio 3. Rosa Tercero - Magazine","og_description":"Crear un hogar va m\u00e1s all\u00e1 de seleccionar muebles y colores; es dise\u00f1ar un espacio que refleje la esencia de quienes lo habitan. Rosa Tercero, interiorista con m\u00e1s de 25 a\u00f1os de experiencia, nos habla sobre su trayectoria, su visi\u00f3n del dise\u00f1o y la evoluci\u00f3n del interiorismo en la actualidad. Para Rosa, el futuro del dise\u00f1o est\u00e1 en la personalizaci\u00f3n y en la conexi\u00f3n con el cliente. Desde su Estudio Calibre lidera proyectos, apostando por la personalizaci\u00f3n y transformaci\u00f3n de los espacios. Compartimos con Rosa en esta entrevista su trayectoria profesional, de tienda de decoraci\u00f3n a estudio de interiorismo, donde el dise\u00f1o va m\u00e1s all\u00e1 del objeto y se convierte en una experiencia. Nos muestra su pasi\u00f3n por el dise\u00f1o y su compromiso con la excelencia y la raz\u00f3n por la que su enfoque detallista y capacidad para entender las tendencias del mercado, la han posicionado como una profesional destacada en el \u00e1mbito del interiorismo. Haz click y no te pierdas la entrevista completa a Rosa en nuestro video podcast \u00bfC\u00f3mo surge Estudio Calibre? Mi historia con el dise\u00f1o comienza en 2001, cuando junto a una amiga tomamos las riendas de \u201cEl Div\u00e1n\u201d, una tienda de referencia que ofrec\u00eda dise\u00f1o espa\u00f1ol de vanguardia. Lleg\u00f3 la crisis del 2008, la gente dej\u00f3 de consumir de la misma forma. Nos reinventamos y pasamos de ser una tienda de mobiliario a un estudio de decoraci\u00f3n e interiorismo. As\u00ed naci\u00f3 Estudio Calibre, apostando por el interiorismo y la personalizaci\u00f3n de espacios. \u00bfCu\u00e1l es el principio de un proyecto? Considero que trabajas el dise\u00f1o que escucha, me gustar\u00eda saber c\u00f3mo es el proceso que realizas. El interiorismo es una disciplina que requiere empat\u00eda y atenci\u00f3n al detalle. Mi metodolog\u00eda de trabajo se basa en escuchar a mis clientes, entender sus necesidades y transformar sus ideas en espacios que realmente los representen. Los procesos de reforma son largos en el tiempo, nunca los dejas de la mano, est\u00e1s con ellos constantemente y al final, llegas a buen puerto, y cuando ellos te dicen &#8211; Me encanta mi casa -, mi funci\u00f3n ha terminado, yo me voy y ellos se quedan durante mucho tiempo. El hecho de que no quieran salir de su nueva casa es la mejor rese\u00f1a. \u00abCada vez m\u00e1s, la gente busca hogares funcionales, vers\u00e1tiles y que cuenten su historia. Mi trabajo es ayudarles a encontrar ese equilibrio entre est\u00e9tica, funcionalidad y emoci\u00f3n\u00bb En estos \u00faltimos a\u00f1os hemos asistido al cambio y la evoluci\u00f3n de la decoraci\u00f3n en los hogares. \u00bfC\u00f3mo consideras que ha afectado a cada estancia? Ahora la casa es un concepto m\u00e1s global, en un pack. Antes se hac\u00eda por estancias de manera m\u00e1s concreta. Las casas han cambiado con el tiempo, adapt\u00e1ndose a nuevas formas de convivencia y trabajo. Antes, los hogares ten\u00edan espacios m\u00e1s compartimentados, mientras que ahora predominan las \u00e1reas abiertas que fomentan la interacci\u00f3n. Hablemos de tendencias y lo que impacta a que sean consideradas referencia a la hora de una reforma. Trajiste Mil\u00e1n como moderna que eres, \u00a1cu\u00e9ntame m\u00e1s! Como profesional, nos referenciamos en ellas, las tendencias est\u00e1n ah\u00ed, lo importante es que el cliente consiga que ese hogar sea muy \u00e9l o ella, haciendo que lo que consiga sea un hogar \u00fanico. Me inspiro en las cosas bellas, ah\u00ed no hay tendencia. Ayudar a construir hogares no es tan sencillo, \u00bfCu\u00e1l dir\u00edas que es tu impronta particular? \u00bfQu\u00e9 es eso que te diferencia? La escucha me caracteriza, cuando mis clientes hablan, yo no apunto nada, y esa escucha te lleva a que la reforma, el interiorismo y la decoraci\u00f3n vayan en global, y aunque luego lo hagan en varias fases, el cliente tenga claro hacia d\u00f3nde se dirige. La otra cosa que me representa es el acompa\u00f1amiento, cuando dejan de llamarme s\u00e9 que mi trabajo ha finalizado. Casi todos los clientes terminan siendo amigos, la confianza es la clave en mi manera detrabajar. \u00abCuando comienzo un proyecto, me gusta hablar con mis clientes, conocer su estilo de vida, c\u00f3mo quieren vivir su hogar. La clave est\u00e1 en la escucha\u00bb En Rey como asesores de hogar realizan un acompa\u00f1amiento en el proceso de compra. \u00bfQu\u00e9 tan importante es ir de la mano a la hora de plantearse una reforma o proyecto de decoraci\u00f3n? En mi opini\u00f3n yo recomiendo que nadie se meta s\u00f3lo en este proceso porque puede llegar a ser un laberinto, que acudan a un asesor que les pueda guiar porque el camino hasta el final puede llegar a ser duro. En decoraci\u00f3n hay muchos estilos, \u00bfconsideras que tus clientes tienen un estilo propio o definido? La mayor\u00eda saben lo que no quieren, en eso no dudan, pero s\u00ed se cuestionan en lo que quieren, entienden que su forma de vivir les lleva a un estilo determinado. \u00bfCu\u00e1l es la estancia que m\u00e1s te gusta decorar? Me quedo con la cocina, cocinar no cocinamos todos los d\u00edas, pero comer s\u00ed, lo que hace que necesitemos este lugar no s\u00f3lo para vivir sino para reunirnos con familia y amigos. Ahora se utilizan para trabajar, colocan su port\u00e1til, hemos evolucionado, sobre todo desde la pandemia, fueun antes y un despu\u00e9s, la gente vio los defectos en sus casas, vivimos m\u00e1s tiempo fuera que dentro, y ahora el foco lo hemos puesto en nuestros hogares. \u00bfQu\u00e9 importancia le das a la iluminaci\u00f3n? La luz es fundamental a la hora de decorar y reformar, cualquier pieza puede ser mucho m\u00e1s bella si la iluminas bien. Recomiendo en el hogar la luz c\u00e1lida, las oficinas en luz fr\u00eda, pero cada espacio requiere de su propia iluminaci\u00f3n, es m\u00e1s, en cada estancia se pueden hacer distintas escenas de iluminaci\u00f3n. Los materiales cuentan historias. \u00bfCu\u00e1les son tus favoritos? Los materiales naturales son esenciales para lograr un dise\u00f1o atemporal y con identidad. Prefiero trabajar con lino, madera, cer\u00e1mica y m\u00e1rmol, materiales que aportan calidez y autenticidad a los espacios, que te conectan con lanaturaleza. \u00bfCu\u00e1l es tu experiencia personal con la marca Rey? La marca Rey fue mi primera mesa de comedor, era de cristal y octogonal, con estructura de lat\u00f3n brillante y unas sillas de lat\u00f3n a juego. Rey por entonces ten\u00eda ya una parte de mueble muy contempor\u00e1nea. \u00bfCu\u00e1l es tu color Pantone favorito? Los colores tienen la ventaja de que puedes cambiarlos, si quieres seguir la tendencia no hay tanto riesgo. Mi paleta de color favorita es la de los c\u00e1lidos, tonos tierra, naturales y sobre todo el blanco.","og_url":"https:\/\/www.mueblesrey.com\/magazine\/perspectivas-capitulo-3-rosa-tercero\/","og_site_name":"Magazine","article_published_time":"2025-05-22T13:00:00+00:00","article_modified_time":"2025-07-24T08:52:24+00:00","og_image":[{"width":2560,"height":1707,"url":"https:\/\/www.mueblesrey.com\/magazine\/wp-content\/uploads\/2025\/05\/Perspectivas-2-scaled.jpg","type":"image\/jpeg"}],"author":"Rebeca","twitter_card":"summary_large_image","twitter_misc":{"Escrito por":"Rebeca","Tiempo de lectura":"7 minutos"},"schema":{"@context":"https:\/\/schema.org","@graph":[{"@type":"WebPage","@id":"https:\/\/www.mueblesrey.com\/magazine\/perspectivas-capitulo-3-rosa-tercero\/","url":"https:\/\/www.mueblesrey.com\/magazine\/perspectivas-capitulo-3-rosa-tercero\/","name":"Perspectivas Episodio 3. Rosa Tercero - Magazine","isPartOf":{"@id":"https:\/\/www.mueblesrey.com\/magazine\/#website"},"primaryImageOfPage":{"@id":"https:\/\/www.mueblesrey.com\/magazine\/perspectivas-capitulo-3-rosa-tercero\/#primaryimage"},"image":{"@id":"https:\/\/www.mueblesrey.com\/magazine\/perspectivas-capitulo-3-rosa-tercero\/#primaryimage"},"thumbnailUrl":"https:\/\/www.mueblesrey.com\/magazine\/wp-content\/uploads\/2025\/05\/Perspectivas-2-scaled.jpg","datePublished":"2025-05-22T13:00:00+00:00","dateModified":"2025-07-24T08:52:24+00:00","author":{"@id":"https:\/\/www.mueblesrey.com\/magazine\/#\/schema\/person\/d3a3d2da9c28641f651b913fbdd5c0da"},"breadcrumb":{"@id":"https:\/\/www.mueblesrey.com\/magazine\/perspectivas-capitulo-3-rosa-tercero\/#breadcrumb"},"inLanguage":"es","potentialAction":[{"@type":"ReadAction","target":["https:\/\/www.mueblesrey.com\/magazine\/perspectivas-capitulo-3-rosa-tercero\/"]}]},{"@type":"ImageObject","inLanguage":"es","@id":"https:\/\/www.mueblesrey.com\/magazine\/perspectivas-capitulo-3-rosa-tercero\/#primaryimage","url":"https:\/\/www.mueblesrey.com\/magazine\/wp-content\/uploads\/2025\/05\/Perspectivas-2-scaled.jpg","contentUrl":"https:\/\/www.mueblesrey.com\/magazine\/wp-content\/uploads\/2025\/05\/Perspectivas-2-scaled.jpg","width":2560,"height":1707},{"@type":"BreadcrumbList","@id":"https:\/\/www.mueblesrey.com\/magazine\/perspectivas-capitulo-3-rosa-tercero\/#breadcrumb","itemListElement":[{"@type":"ListItem","position":1,"name":"Home","item":"https:\/\/www.mueblesrey.com\/magazine\/"},{"@type":"ListItem","position":2,"name":"Perspectivas","item":"https:\/\/www.mueblesrey.com\/magazine\/category\/perspectivas\/"},{"@type":"ListItem","position":3,"name":"Perspectivas Episodio 3. Rosa Tercero"}]},{"@type":"WebSite","@id":"https:\/\/www.mueblesrey.com\/magazine\/#website","url":"https:\/\/www.mueblesrey.com\/magazine\/","name":"Magazine","description":"El Magazine de Muebles Rey","potentialAction":[{"@type":"SearchAction","target":{"@type":"EntryPoint","urlTemplate":"https:\/\/www.mueblesrey.com\/magazine\/?s={search_term_string}"},"query-input":{"@type":"PropertyValueSpecification","valueRequired":true,"valueName":"search_term_string"}}],"inLanguage":"es"},{"@type":"Person","@id":"https:\/\/www.mueblesrey.com\/magazine\/#\/schema\/person\/d3a3d2da9c28641f651b913fbdd5c0da","name":"Rebeca","image":{"@type":"ImageObject","inLanguage":"es","@id":"https:\/\/www.mueblesrey.com\/magazine\/#\/schema\/person\/image\/","url":"https:\/\/secure.gravatar.com\/avatar\/22e95bb75e3a0ac20e941a465c27d97677319b41f713d7004e6d32ffc416ee4c?s=96&d=mm&r=g","contentUrl":"https:\/\/secure.gravatar.com\/avatar\/22e95bb75e3a0ac20e941a465c27d97677319b41f713d7004e6d32ffc416ee4c?s=96&d=mm&r=g","caption":"Rebeca"},"sameAs":["https:\/\/www.mueblesrey.com\/blog"],"url":"https:\/\/www.mueblesrey.com\/magazine\/author\/cristina\/"}]}},"acf":[],"_links":{"self":[{"href":"https:\/\/www.mueblesrey.com\/magazine\/wp-json\/wp\/v2\/posts\/406","targetHints":{"allow":["GET"]}}],"collection":[{"href":"https:\/\/www.mueblesrey.com\/magazine\/wp-json\/wp\/v2\/posts"}],"about":[{"href":"https:\/\/www.mueblesrey.com\/magazine\/wp-json\/wp\/v2\/types\/post"}],"author":[{"embeddable":true,"href":"https:\/\/www.mueblesrey.com\/magazine\/wp-json\/wp\/v2\/users\/2"}],"replies":[{"embeddable":true,"href":"https:\/\/www.mueblesrey.com\/magazine\/wp-json\/wp\/v2\/comments?post=406"}],"version-history":[{"count":44,"href":"https:\/\/www.mueblesrey.com\/magazine\/wp-json\/wp\/v2\/posts\/406\/revisions"}],"predecessor-version":[{"id":1041,"href":"https:\/\/www.mueblesrey.com\/magazine\/wp-json\/wp\/v2\/posts\/406\/revisions\/1041"}],"wp:featuredmedia":[{"embeddable":true,"href":"https:\/\/www.mueblesrey.com\/magazine\/wp-json\/wp\/v2\/media\/727"}],"wp:attachment":[{"href":"https:\/\/www.mueblesrey.com\/magazine\/wp-json\/wp\/v2\/media?parent=406"}],"wp:term":[{"taxonomy":"category","embeddable":true,"href":"https:\/\/www.mueblesrey.com\/magazine\/wp-json\/wp\/v2\/categories?post=406"},{"taxonomy":"post_tag","embeddable":true,"href":"https:\/\/www.mueblesrey.com\/magazine\/wp-json\/wp\/v2\/tags?post=406"}],"curies":[{"name":"wp","href":"https:\/\/api.w.org\/{rel}","templated":true}]}}